{"id":7201,"date":"2014-08-20T11:53:27","date_gmt":"2014-08-20T11:53:27","guid":{"rendered":"http:\/\/www.fincaturismo.com\/una-ruta-por-los-faros-de-mallorca-2\/"},"modified":"2020-05-29T18:48:45","modified_gmt":"2020-05-29T18:48:45","slug":"una-ruta-pels-fars-a-mallorca","status":"publish","type":"post","link":"https:\/\/www.fincaturismo.com\/ca\/una-ruta-pels-fars-a-mallorca\/","title":{"rendered":"Una ruta pels fars a Mallorca"},"content":{"rendered":"<p style=\"text-align: justify;\"><a href=\"http:\/\/www.fincaturismo.com\/wordpress\/wp-content\/uploads\/2014\/08\/faros.jpg\"><img loading=\"lazy\" decoding=\"async\" class=\"alignleft size-medium wp-image-7184\" src=\"http:\/\/www.fincaturismo.com\/wordpress\/wp-content\/uploads\/2014\/08\/faros-300x215.jpg\" alt=\"ruta por los faros de Mallorca, Una ruta pels fars a Mallorca\" width=\"300\" height=\"215\" \/><\/a><\/p>\n<p style=\"text-align: justify;\">Els fars s\u00f3n un element costaner inconfusible carregat de gran romanticisme i, en molts casos, de gran valor hist\u00f2ric i cultural. Al passat, els seus potents llums servien com a guies. No en va, el seu funcionament era imprescindible per facilitar la navegaci\u00f3 i alertar als mariners. Avui dia, amb les noves tecnologies al servei de moderns sistemes de navegaci\u00f3, han perdut la seva funci\u00f3 tradicional en molts casos, encara que mantenen el seu car\u00e0cter simb\u00f2lic. Com illa que \u00e9s, una q\u00fcesti\u00f3 refor\u00e7ada m\u00e9s si cap per la seva estrat\u00e8gica situaci\u00f3 al <b>Mediterrani<\/b> i, per tant, com lloc de pas de moltes rutes mar\u00edtimes des de temps immemorials, <b>Mallorca<\/b> est\u00e0 salpicada de molts fars en la seva costa.<\/p>\n<p style=\"text-align: justify;\">De fet, hi ha alguns fars que s\u00f3n joies en si mateixos. Comen\u00e7ant pel de <b>Portop\u00ed<\/b>, a <b>Palma<\/b>, el tercer far en funcionament m\u00e9s antic del m\u00f3n despr\u00e9s de la Torre d\u2019<b>H\u00e8rcules<\/b> a <b>La Corunya<\/b> i la \u201c<b>Lanterna<\/b>\u201d de <b>G\u00e8nova<\/b>. Al seu interior est\u00e0 instal\u00b7lada una exposici\u00f3 permanent de senyals mar\u00edtimes, la qual es pot visitar amb cita pr\u00e8via. Un altre far d\u2019obligada visita a <b>Mallorca<\/b> \u00e9s el de <b>Formentor<\/b>. Sens dubte, un dels escenaris m\u00e9s impressionants de totes les <b>Balears<\/b>, amb una estreta pen\u00ednsula de 12 kil\u00f2metres de llarg i uns tres d\u2019ample situat a l\u2019extrem nord de <b>Mallorca<\/b>, dins el municipi de <b>Pollensa<\/b>.<\/p>\n<p style=\"text-align: center;\"><a href=\"http:\/\/www.fincaturismo.com\/wordpress\/wp-content\/uploads\/2014\/08\/ruta-por-los-faros-de-Mallorca.jpg\"><img loading=\"lazy\" decoding=\"async\" class=\"aligncenter wp-image-7185\" src=\"http:\/\/www.fincaturismo.com\/wordpress\/wp-content\/uploads\/2014\/08\/ruta-por-los-faros-de-Mallorca.jpg\" alt=\"ruta por los faros de Mallorca, Una ruta pels fars a Mallorca\" width=\"650\" height=\"300\" \/><\/a><\/p>\n<p style=\"text-align: justify;\">No s\u00f3n els \u00fanics fars singulars, ja que hi ha fins a 14 per tota la costa mallorquina. El de la <b>Creu de S\u00f3ller<\/b>, situat al <b>Port de S\u00f3ller<\/b>, a m\u00e9s de donar entrada a la badia que conforma el poble, t\u00e9 la singularitat d\u2019haver estat el primer en electrificar-se de totes les <b>Balears<\/b>, al gener de 1918. El far de <b>Portocolom<\/b>, a la <b>Punta de Ses Crestes<\/b>, d\u00f3na pas a un dels ports naturals amb m\u00e9s encant de <b>Mallorca<\/b>, que a m\u00e9s guarda en la seva hist\u00f2ria una llarga tradici\u00f3 marinera. El far de <b>Cala Figuera<\/b>, per la seva part, \u00e9s l\u2019\u00fanic que despr\u00e8n uns centelleigs que es poden veure des de l\u2019avi\u00f3 quan s\u2019arriba de nit a l\u2019illa, gr\u00e0cies a la seva llanterna aeromar\u00edtima. En conjunt, una ruta pels fars a\u00a0<strong>Mallorca<\/strong> \u00e9s una opci\u00f3 diferent de con\u00e8ixer el pes hist\u00f2ric i geoestrat\u00e8gic que ha tingut aquesta illa al llarg dels segles.<\/p>\n","protected":false},"excerpt":{"rendered":"<p>Els fars s\u00f3n un element costaner inconfusible carregat de gran romanticisme i, en molts casos, [&hellip;]<\/p>\n","protected":false},"author":1,"featured_media":0,"comment_status":"closed","ping_status":"open","sticky":false,"template":"","format":"standard","meta":{"footnotes":""},"categories":[1],"tags":[255,256,227],"class_list":["post-7201","post","type-post","status-publish","format-standard","hentry","category-blog-fincaturismo","tag-finca-ca","tag-fincaturismo-ca","tag-mallorca"],"yoast_head":"<!-- This site is optimized with the Yoast SEO plugin v27.2 - https:\/\/yoast.com\/product\/yoast-seo-wordpress\/ -->\n<title>Una ruta pels fars a Mallorca. Rutes a Mallorca<\/title>\n<meta name=\"description\" content=\"Una ruta pels fars a Mallorca \u00e9s una opci\u00f3 diferent de con\u00e8ixer el pes hist\u00f2ric i geoestrat\u00e8gic que ha tingut aquesta illa al llarg dels segles\" \/>\n<meta name=\"robots\" content=\"index, follow, max-snippet:-1, max-image-preview:large, max-video-preview:-1\" \/>\n<link rel=\"canonical\" href=\"https:\/\/www.fincaturismo.com\/ca\/una-ruta-pels-fars-a-mallorca\/\" \/>\n<meta property=\"og:locale\" content=\"ca_ES\" \/>\n<meta property=\"og:type\" content=\"article\" \/>\n<meta property=\"og:title\" content=\"Una ruta pels fars a Mallorca. Rutes a Mallorca\" \/>\n<meta property=\"og:description\" content=\"Una ruta pels fars a Mallorca \u00e9s una opci\u00f3 diferent de con\u00e8ixer el pes hist\u00f2ric i geoestrat\u00e8gic que ha tingut aquesta illa al llarg dels segles\" \/>\n<meta property=\"og:url\" content=\"https:\/\/www.fincaturismo.com\/ca\/una-ruta-pels-fars-a-mallorca\/\" \/>\n<meta property=\"og:site_name\" content=\"Finca Turismo\" \/>\n<meta property=\"article:publisher\" content=\"https:\/\/www.facebook.com\/FincaTurismoMallorca\" \/>\n<meta property=\"article:published_time\" content=\"2014-08-20T11:53:27+00:00\" \/>\n<meta property=\"article:modified_time\" content=\"2020-05-29T18:48:45+00:00\" \/>\n<meta property=\"og:image\" content=\"http:\/\/www.fincaturismo.com\/wordpress\/wp-content\/uploads\/2014\/08\/faros-300x215.jpg\" \/>\n<meta name=\"author\" content=\"Fincaturismo\" \/>\n<meta name=\"twitter:card\" content=\"summary_large_image\" \/>\n<meta name=\"twitter:creator\" content=\"@FincaTurismo\" \/>\n<meta name=\"twitter:site\" content=\"@FincaTurismo\" \/>\n<meta name=\"twitter:label1\" content=\"Escrit per\" \/>\n\t<meta name=\"twitter:data1\" content=\"Fincaturismo\" \/>\n\t<meta name=\"twitter:label2\" content=\"Temps estimat de lectura\" \/>\n\t<meta name=\"twitter:data2\" content=\"2 minuts\" \/>\n<script type=\"application\/ld+json\" class=\"yoast-schema-graph\">{\"@context\":\"https:\/\/schema.org\",\"@graph\":[{\"@type\":\"Article\",\"@id\":\"https:\/\/www.fincaturismo.com\/ca\/una-ruta-pels-fars-a-mallorca\/#article\",\"isPartOf\":{\"@id\":\"https:\/\/www.fincaturismo.com\/ca\/una-ruta-pels-fars-a-mallorca\/\"},\"author\":{\"name\":\"Fincaturismo\",\"@id\":\"https:\/\/www.fincaturismo.com\/ca\/#\/schema\/person\/c65b2bf4bb7727d5fa44f5fead52230b\"},\"headline\":\"Una ruta pels fars a Mallorca\",\"datePublished\":\"2014-08-20T11:53:27+00:00\",\"dateModified\":\"2020-05-29T18:48:45+00:00\",\"mainEntityOfPage\":{\"@id\":\"https:\/\/www.fincaturismo.com\/ca\/una-ruta-pels-fars-a-mallorca\/\"},\"wordCount\":425,\"publisher\":{\"@id\":\"https:\/\/www.fincaturismo.com\/ca\/#organization\"},\"image\":{\"@id\":\"https:\/\/www.fincaturismo.com\/ca\/una-ruta-pels-fars-a-mallorca\/#primaryimage\"},\"thumbnailUrl\":\"http:\/\/www.fincaturismo.com\/wordpress\/wp-content\/uploads\/2014\/08\/faros-300x215.jpg\",\"keywords\":[\"Finca\",\"Fincaturismo\",\"Mallorca\"],\"articleSection\":[\"Blog @ Fincaturismo\"],\"inLanguage\":\"ca\"},{\"@type\":\"WebPage\",\"@id\":\"https:\/\/www.fincaturismo.com\/ca\/una-ruta-pels-fars-a-mallorca\/\",\"url\":\"https:\/\/www.fincaturismo.com\/ca\/una-ruta-pels-fars-a-mallorca\/\",\"name\":\"Una ruta pels fars a Mallorca. Rutes a Mallorca\",\"isPartOf\":{\"@id\":\"https:\/\/www.fincaturismo.com\/ca\/#website\"},\"primaryImageOfPage\":{\"@id\":\"https:\/\/www.fincaturismo.com\/ca\/una-ruta-pels-fars-a-mallorca\/#primaryimage\"},\"image\":{\"@id\":\"https:\/\/www.fincaturismo.com\/ca\/una-ruta-pels-fars-a-mallorca\/#primaryimage\"},\"thumbnailUrl\":\"http:\/\/www.fincaturismo.com\/wordpress\/wp-content\/uploads\/2014\/08\/faros-300x215.jpg\",\"datePublished\":\"2014-08-20T11:53:27+00:00\",\"dateModified\":\"2020-05-29T18:48:45+00:00\",\"description\":\"Una ruta pels fars a Mallorca \u00e9s una opci\u00f3 diferent de con\u00e8ixer el pes hist\u00f2ric i geoestrat\u00e8gic que ha tingut aquesta illa al llarg dels segles\",\"breadcrumb\":{\"@id\":\"https:\/\/www.fincaturismo.com\/ca\/una-ruta-pels-fars-a-mallorca\/#breadcrumb\"},\"inLanguage\":\"ca\",\"potentialAction\":[{\"@type\":\"ReadAction\",\"target\":[\"https:\/\/www.fincaturismo.com\/ca\/una-ruta-pels-fars-a-mallorca\/\"]}]},{\"@type\":\"ImageObject\",\"inLanguage\":\"ca\",\"@id\":\"https:\/\/www.fincaturismo.com\/ca\/una-ruta-pels-fars-a-mallorca\/#primaryimage\",\"url\":\"http:\/\/www.fincaturismo.com\/wordpress\/wp-content\/uploads\/2014\/08\/faros-300x215.jpg\",\"contentUrl\":\"http:\/\/www.fincaturismo.com\/wordpress\/wp-content\/uploads\/2014\/08\/faros-300x215.jpg\"},{\"@type\":\"BreadcrumbList\",\"@id\":\"https:\/\/www.fincaturismo.com\/ca\/una-ruta-pels-fars-a-mallorca\/#breadcrumb\",\"itemListElement\":[{\"@type\":\"ListItem\",\"position\":1,\"name\":\"Portada\",\"item\":\"https:\/\/www.fincaturismo.com\/ca\/\"},{\"@type\":\"ListItem\",\"position\":2,\"name\":\"Una ruta pels fars a Mallorca\"}]},{\"@type\":\"WebSite\",\"@id\":\"https:\/\/www.fincaturismo.com\/ca\/#website\",\"url\":\"https:\/\/www.fincaturismo.com\/ca\/\",\"name\":\"Finca Turismo\",\"description\":\"fincaturismo.com\",\"publisher\":{\"@id\":\"https:\/\/www.fincaturismo.com\/ca\/#organization\"},\"potentialAction\":[{\"@type\":\"SearchAction\",\"target\":{\"@type\":\"EntryPoint\",\"urlTemplate\":\"https:\/\/www.fincaturismo.com\/ca\/?s={search_term_string}\"},\"query-input\":{\"@type\":\"PropertyValueSpecification\",\"valueRequired\":true,\"valueName\":\"search_term_string\"}}],\"inLanguage\":\"ca\"},{\"@type\":\"Organization\",\"@id\":\"https:\/\/www.fincaturismo.com\/ca\/#organization\",\"name\":\"Finca Turismo - fincaturismo.com\",\"url\":\"https:\/\/www.fincaturismo.com\/ca\/\",\"logo\":{\"@type\":\"ImageObject\",\"inLanguage\":\"ca\",\"@id\":\"https:\/\/www.fincaturismo.com\/ca\/#\/schema\/logo\/image\/\",\"url\":\"https:\/\/www.fincaturismo.com\/wp-content\/uploads\/2013\/02\/logoytexto.jpg\",\"contentUrl\":\"https:\/\/www.fincaturismo.com\/wp-content\/uploads\/2013\/02\/logoytexto.jpg\",\"width\":230,\"height\":27,\"caption\":\"Finca Turismo - fincaturismo.com\"},\"image\":{\"@id\":\"https:\/\/www.fincaturismo.com\/ca\/#\/schema\/logo\/image\/\"},\"sameAs\":[\"https:\/\/www.facebook.com\/FincaTurismoMallorca\",\"https:\/\/x.com\/FincaTurismo\"]},{\"@type\":\"Person\",\"@id\":\"https:\/\/www.fincaturismo.com\/ca\/#\/schema\/person\/c65b2bf4bb7727d5fa44f5fead52230b\",\"name\":\"Fincaturismo\",\"image\":{\"@type\":\"ImageObject\",\"inLanguage\":\"ca\",\"@id\":\"https:\/\/secure.gravatar.com\/avatar\/f47bdd94f6047eb50b46cfdc4afd6189dd9dd2063420b353c76dd6ca950eaa8c?s=96&d=mm&r=g\",\"url\":\"https:\/\/secure.gravatar.com\/avatar\/f47bdd94f6047eb50b46cfdc4afd6189dd9dd2063420b353c76dd6ca950eaa8c?s=96&d=mm&r=g\",\"contentUrl\":\"https:\/\/secure.gravatar.com\/avatar\/f47bdd94f6047eb50b46cfdc4afd6189dd9dd2063420b353c76dd6ca950eaa8c?s=96&d=mm&r=g\",\"caption\":\"Fincaturismo\"},\"sameAs\":[\"https:\/\/www.fincaturismo.com\"]}]}<\/script>\n<!-- \/ Yoast SEO plugin. -->","yoast_head_json":{"title":"Una ruta pels fars a Mallorca. Rutes a Mallorca","description":"Una ruta pels fars a Mallorca \u00e9s una opci\u00f3 diferent de con\u00e8ixer el pes hist\u00f2ric i geoestrat\u00e8gic que ha tingut aquesta illa al llarg dels segles","robots":{"index":"index","follow":"follow","max-snippet":"max-snippet:-1","max-image-preview":"max-image-preview:large","max-video-preview":"max-video-preview:-1"},"canonical":"https:\/\/www.fincaturismo.com\/ca\/una-ruta-pels-fars-a-mallorca\/","og_locale":"ca_ES","og_type":"article","og_title":"Una ruta pels fars a Mallorca. Rutes a Mallorca","og_description":"Una ruta pels fars a Mallorca \u00e9s una opci\u00f3 diferent de con\u00e8ixer el pes hist\u00f2ric i geoestrat\u00e8gic que ha tingut aquesta illa al llarg dels segles","og_url":"https:\/\/www.fincaturismo.com\/ca\/una-ruta-pels-fars-a-mallorca\/","og_site_name":"Finca Turismo","article_publisher":"https:\/\/www.facebook.com\/FincaTurismoMallorca","article_published_time":"2014-08-20T11:53:27+00:00","article_modified_time":"2020-05-29T18:48:45+00:00","og_image":[{"url":"http:\/\/www.fincaturismo.com\/wordpress\/wp-content\/uploads\/2014\/08\/faros-300x215.jpg","type":"","width":"","height":""}],"author":"Fincaturismo","twitter_card":"summary_large_image","twitter_creator":"@FincaTurismo","twitter_site":"@FincaTurismo","twitter_misc":{"Escrit per":"Fincaturismo","Temps estimat de lectura":"2 minuts"},"schema":{"@context":"https:\/\/schema.org","@graph":[{"@type":"Article","@id":"https:\/\/www.fincaturismo.com\/ca\/una-ruta-pels-fars-a-mallorca\/#article","isPartOf":{"@id":"https:\/\/www.fincaturismo.com\/ca\/una-ruta-pels-fars-a-mallorca\/"},"author":{"name":"Fincaturismo","@id":"https:\/\/www.fincaturismo.com\/ca\/#\/schema\/person\/c65b2bf4bb7727d5fa44f5fead52230b"},"headline":"Una ruta pels fars a Mallorca","datePublished":"2014-08-20T11:53:27+00:00","dateModified":"2020-05-29T18:48:45+00:00","mainEntityOfPage":{"@id":"https:\/\/www.fincaturismo.com\/ca\/una-ruta-pels-fars-a-mallorca\/"},"wordCount":425,"publisher":{"@id":"https:\/\/www.fincaturismo.com\/ca\/#organization"},"image":{"@id":"https:\/\/www.fincaturismo.com\/ca\/una-ruta-pels-fars-a-mallorca\/#primaryimage"},"thumbnailUrl":"http:\/\/www.fincaturismo.com\/wordpress\/wp-content\/uploads\/2014\/08\/faros-300x215.jpg","keywords":["Finca","Fincaturismo","Mallorca"],"articleSection":["Blog @ Fincaturismo"],"inLanguage":"ca"},{"@type":"WebPage","@id":"https:\/\/www.fincaturismo.com\/ca\/una-ruta-pels-fars-a-mallorca\/","url":"https:\/\/www.fincaturismo.com\/ca\/una-ruta-pels-fars-a-mallorca\/","name":"Una ruta pels fars a Mallorca. Rutes a Mallorca","isPartOf":{"@id":"https:\/\/www.fincaturismo.com\/ca\/#website"},"primaryImageOfPage":{"@id":"https:\/\/www.fincaturismo.com\/ca\/una-ruta-pels-fars-a-mallorca\/#primaryimage"},"image":{"@id":"https:\/\/www.fincaturismo.com\/ca\/una-ruta-pels-fars-a-mallorca\/#primaryimage"},"thumbnailUrl":"http:\/\/www.fincaturismo.com\/wordpress\/wp-content\/uploads\/2014\/08\/faros-300x215.jpg","datePublished":"2014-08-20T11:53:27+00:00","dateModified":"2020-05-29T18:48:45+00:00","description":"Una ruta pels fars a Mallorca \u00e9s una opci\u00f3 diferent de con\u00e8ixer el pes hist\u00f2ric i geoestrat\u00e8gic que ha tingut aquesta illa al llarg dels segles","breadcrumb":{"@id":"https:\/\/www.fincaturismo.com\/ca\/una-ruta-pels-fars-a-mallorca\/#breadcrumb"},"inLanguage":"ca","potentialAction":[{"@type":"ReadAction","target":["https:\/\/www.fincaturismo.com\/ca\/una-ruta-pels-fars-a-mallorca\/"]}]},{"@type":"ImageObject","inLanguage":"ca","@id":"https:\/\/www.fincaturismo.com\/ca\/una-ruta-pels-fars-a-mallorca\/#primaryimage","url":"http:\/\/www.fincaturismo.com\/wordpress\/wp-content\/uploads\/2014\/08\/faros-300x215.jpg","contentUrl":"http:\/\/www.fincaturismo.com\/wordpress\/wp-content\/uploads\/2014\/08\/faros-300x215.jpg"},{"@type":"BreadcrumbList","@id":"https:\/\/www.fincaturismo.com\/ca\/una-ruta-pels-fars-a-mallorca\/#breadcrumb","itemListElement":[{"@type":"ListItem","position":1,"name":"Portada","item":"https:\/\/www.fincaturismo.com\/ca\/"},{"@type":"ListItem","position":2,"name":"Una ruta pels fars a Mallorca"}]},{"@type":"WebSite","@id":"https:\/\/www.fincaturismo.com\/ca\/#website","url":"https:\/\/www.fincaturismo.com\/ca\/","name":"Finca Turismo","description":"fincaturismo.com","publisher":{"@id":"https:\/\/www.fincaturismo.com\/ca\/#organization"},"potentialAction":[{"@type":"SearchAction","target":{"@type":"EntryPoint","urlTemplate":"https:\/\/www.fincaturismo.com\/ca\/?s={search_term_string}"},"query-input":{"@type":"PropertyValueSpecification","valueRequired":true,"valueName":"search_term_string"}}],"inLanguage":"ca"},{"@type":"Organization","@id":"https:\/\/www.fincaturismo.com\/ca\/#organization","name":"Finca Turismo - fincaturismo.com","url":"https:\/\/www.fincaturismo.com\/ca\/","logo":{"@type":"ImageObject","inLanguage":"ca","@id":"https:\/\/www.fincaturismo.com\/ca\/#\/schema\/logo\/image\/","url":"https:\/\/www.fincaturismo.com\/wp-content\/uploads\/2013\/02\/logoytexto.jpg","contentUrl":"https:\/\/www.fincaturismo.com\/wp-content\/uploads\/2013\/02\/logoytexto.jpg","width":230,"height":27,"caption":"Finca Turismo - fincaturismo.com"},"image":{"@id":"https:\/\/www.fincaturismo.com\/ca\/#\/schema\/logo\/image\/"},"sameAs":["https:\/\/www.facebook.com\/FincaTurismoMallorca","https:\/\/x.com\/FincaTurismo"]},{"@type":"Person","@id":"https:\/\/www.fincaturismo.com\/ca\/#\/schema\/person\/c65b2bf4bb7727d5fa44f5fead52230b","name":"Fincaturismo","image":{"@type":"ImageObject","inLanguage":"ca","@id":"https:\/\/secure.gravatar.com\/avatar\/f47bdd94f6047eb50b46cfdc4afd6189dd9dd2063420b353c76dd6ca950eaa8c?s=96&d=mm&r=g","url":"https:\/\/secure.gravatar.com\/avatar\/f47bdd94f6047eb50b46cfdc4afd6189dd9dd2063420b353c76dd6ca950eaa8c?s=96&d=mm&r=g","contentUrl":"https:\/\/secure.gravatar.com\/avatar\/f47bdd94f6047eb50b46cfdc4afd6189dd9dd2063420b353c76dd6ca950eaa8c?s=96&d=mm&r=g","caption":"Fincaturismo"},"sameAs":["https:\/\/www.fincaturismo.com"]}]}},"_links":{"self":[{"href":"https:\/\/www.fincaturismo.com\/ca\/wp-json\/wp\/v2\/posts\/7201","targetHints":{"allow":["GET"]}}],"collection":[{"href":"https:\/\/www.fincaturismo.com\/ca\/wp-json\/wp\/v2\/posts"}],"about":[{"href":"https:\/\/www.fincaturismo.com\/ca\/wp-json\/wp\/v2\/types\/post"}],"author":[{"embeddable":true,"href":"https:\/\/www.fincaturismo.com\/ca\/wp-json\/wp\/v2\/users\/1"}],"replies":[{"embeddable":true,"href":"https:\/\/www.fincaturismo.com\/ca\/wp-json\/wp\/v2\/comments?post=7201"}],"version-history":[{"count":4,"href":"https:\/\/www.fincaturismo.com\/ca\/wp-json\/wp\/v2\/posts\/7201\/revisions"}],"predecessor-version":[{"id":7628,"href":"https:\/\/www.fincaturismo.com\/ca\/wp-json\/wp\/v2\/posts\/7201\/revisions\/7628"}],"wp:attachment":[{"href":"https:\/\/www.fincaturismo.com\/ca\/wp-json\/wp\/v2\/media?parent=7201"}],"wp:term":[{"taxonomy":"category","embeddable":true,"href":"https:\/\/www.fincaturismo.com\/ca\/wp-json\/wp\/v2\/categories?post=7201"},{"taxonomy":"post_tag","embeddable":true,"href":"https:\/\/www.fincaturismo.com\/ca\/wp-json\/wp\/v2\/tags?post=7201"}],"curies":[{"name":"wp","href":"https:\/\/api.w.org\/{rel}","templated":true}]}}