{"id":5683,"date":"2014-01-10T11:46:14","date_gmt":"2014-01-10T11:46:14","guid":{"rendered":"http:\/\/www.fincaturismo.com\/naturaleza-y-etnografia-en-el-barranco-de-biniaraix-2\/"},"modified":"2020-05-29T18:45:39","modified_gmt":"2020-05-29T18:45:39","slug":"agroturisme-a-mallorca-naturalesa-i-etnografia-en-el-barranc-de-biniaraix","status":"publish","type":"post","link":"https:\/\/www.fincaturismo.com\/ca\/agroturisme-a-mallorca-naturalesa-i-etnografia-en-el-barranc-de-biniaraix\/","title":{"rendered":"Naturalesa i etnografia en el Barranc de Biniaraix"},"content":{"rendered":"<p style=\"text-align: justify;\"><a href=\"http:\/\/www.fincaturismo.com\/wordpress\/wp-content\/uploads\/2014\/01\/oleoturismo_mallorca-2-de-1.jpg\"><img loading=\"lazy\" decoding=\"async\" class=\"alignleft size-medium wp-image-5672\" src=\"http:\/\/www.fincaturismo.com\/wordpress\/wp-content\/uploads\/2014\/01\/oleoturismo_mallorca-2-de-1-300x281.jpg\" alt=\"agroturisme a Mallorca\" width=\"300\" height=\"281\" srcset=\"https:\/\/www.fincaturismo.com\/wp-content\/uploads\/2014\/01\/oleoturismo_mallorca-2-de-1-300x281.jpg 300w, https:\/\/www.fincaturismo.com\/wp-content\/uploads\/2014\/01\/oleoturismo_mallorca-2-de-1-150x140.jpg 150w, https:\/\/www.fincaturismo.com\/wp-content\/uploads\/2014\/01\/oleoturismo_mallorca-2-de-1-350x328.jpg 350w, https:\/\/www.fincaturismo.com\/wp-content\/uploads\/2014\/01\/oleoturismo_mallorca-2-de-1.jpg 1000w\" sizes=\"auto, (max-width: 300px) 100vw, 300px\" \/><\/a><\/p>\n<p style=\"text-align: justify;\">Parlar de <strong>paisatge, naturalesa i etnografia<\/strong> \u00e9s parlar del <strong>Barranc de Biniaraix<\/strong> de la vall de <strong>S\u00f3ller<\/strong>, declarat <strong>B\u00e9 d\u2019Inter\u00e8s Cultural<\/strong> a l\u2019any 1994. Una excursi\u00f3 perfecta per complementar la teva est\u00e0ncia a un <strong>agroturisme a Mallorca<\/strong>. Un olivar de muntanya t\u00edpic de la <strong>Serra de Tramuntana<\/strong> a on \u00e9s possible veure multitud d\u2019exemplars centenaris, aix\u00ed com elements de l\u2019arquitectura tradicional mallorquina. El cam\u00ed empedrat \u00e9s un magn\u00edfic exemple de l\u2019enginyeria tradicional de la pedra en sec i inclou ponts, marjades fetes al vessant d\u2019imponents penya-segats, fonts o possessions.<\/p>\n<p style=\"text-align: justify;\">Entre els arbres que trobam destaca la <em><strong>Madona des Barranc<\/strong><\/em>, un exemplar centenari amb formes retor\u00e7ades i una notable bellesa que es troba envoltat per altres exemplars de la mateixa singularitat. La pujada al barranc \u00e9s part del <strong>GR 221<\/strong>, l\u2019anomenada <strong><i>Ruta de la Pedra en Sec<\/i><\/strong>, un cam\u00ed de <strong>Gran Recorregut<\/strong> que travessa la <strong>Serra de Tramuntana<\/strong> d\u2019una banda a l\u2019altra i que \u00e9s una magn\u00edfica oportunitat per con\u00e8ixer a fons una de les zones m\u00e9s boniques de l\u2019illa. El <strong>Barranc de Biniaraix<\/strong> forma part de la tercera etapa del <strong>GR 221<\/strong> entre <strong>S\u00f3ller<\/strong> i la <strong>Font des Prat<\/strong> si partim des de l\u2019aldea que du el mateix nom a causa d\u2019una antiga alqueria musulmana.<\/p>\n<p style=\"text-align: center;\"><a href=\"http:\/\/www.fincaturismo.com\/wordpress\/wp-content\/uploads\/2014\/01\/barranco-de-biniaraix.jpg\"><img loading=\"lazy\" decoding=\"async\" class=\"aligncenter wp-image-5673\" src=\"http:\/\/www.fincaturismo.com\/wordpress\/wp-content\/uploads\/2014\/01\/barranco-de-biniaraix.jpg\" alt=\"agroturisme a Mallorca\" width=\"700\" height=\"466\" srcset=\"https:\/\/www.fincaturismo.com\/wp-content\/uploads\/2014\/01\/barranco-de-biniaraix.jpg 700w, https:\/\/www.fincaturismo.com\/wp-content\/uploads\/2014\/01\/barranco-de-biniaraix-300x199.jpg 300w, https:\/\/www.fincaturismo.com\/wp-content\/uploads\/2014\/01\/barranco-de-biniaraix-150x99.jpg 150w, https:\/\/www.fincaturismo.com\/wp-content\/uploads\/2014\/01\/barranco-de-biniaraix-350x233.jpg 350w\" sizes=\"auto, (max-width: 700px) 100vw, 700px\" \/><\/a><\/p>\n<p style=\"text-align: justify;\">La caracter\u00edstica m\u00e9s destacable del poble de <strong>Biniaraix<\/strong> \u00e9s la seva arquitectura, la qual est\u00e0 integrada d\u2019una forma harmoniosa amb el territori que l\u2019envolta, un element que li confereix un encant especial. Ubicat damunt un petit tur\u00f3, els seus carrers empinats i empedrats discorren entre antics habitatges de camperols i senyors. Des de <strong>Biniaraix<\/strong> \u00e9s possible visitar altres pobles de la vall de <strong>S\u00f3ller<\/strong> amb molt d\u2019encant, com <strong>Fornalutx<\/strong>, amb carrers empinats amb unes peculiars teules pintades que encara es conserven a les teulades i amb el <strong>Museu de Can Xoroi<\/strong>, que s\u2019ha convertir en una visita obligada. Al seu interior es conserva una important col\u00b7lecci\u00f3 de teules pintades i una antiga alm\u00e0ssera. Una excursi\u00f3 ideal per gaudir d\u2019una est\u00e0ncia a un agroturisme a <strong>Mallorca<\/strong>.<\/p>\n<p style=\"text-align: center;\"><a href=\"http:\/\/www.fincaturismo.com\/wordpress\/wp-content\/uploads\/2014\/01\/fornalutx.jpg\"><img loading=\"lazy\" decoding=\"async\" class=\"aligncenter wp-image-5674\" src=\"http:\/\/www.fincaturismo.com\/wordpress\/wp-content\/uploads\/2014\/01\/fornalutx.jpg\" alt=\"agroturisme a Mallorca\" width=\"600\" height=\"399\" srcset=\"https:\/\/www.fincaturismo.com\/wp-content\/uploads\/2014\/01\/fornalutx.jpg 750w, https:\/\/www.fincaturismo.com\/wp-content\/uploads\/2014\/01\/fornalutx-300x199.jpg 300w, https:\/\/www.fincaturismo.com\/wp-content\/uploads\/2014\/01\/fornalutx-150x99.jpg 150w, https:\/\/www.fincaturismo.com\/wp-content\/uploads\/2014\/01\/fornalutx-350x232.jpg 350w\" sizes=\"auto, (max-width: 600px) 100vw, 600px\" \/><\/a><\/p>\n","protected":false},"excerpt":{"rendered":"<p>Parlar de paisatge, naturalesa i etnografia \u00e9s parlar del Barranc de Biniaraix de la vall [&hellip;]<\/p>\n","protected":false},"author":1,"featured_media":0,"comment_status":"closed","ping_status":"open","sticky":false,"template":"","format":"standard","meta":{"footnotes":""},"categories":[1],"tags":[255,256,227],"class_list":["post-5683","post","type-post","status-publish","format-standard","hentry","category-blog-fincaturismo","tag-finca-ca","tag-fincaturismo-ca","tag-mallorca"],"yoast_head":"<!-- This site is optimized with the Yoast SEO plugin v27.2 - https:\/\/yoast.com\/product\/yoast-seo-wordpress\/ -->\n<title>Agroturisme a Mallorca. Naturalesa i etnografia Barranc de Biniaraix<\/title>\n<meta name=\"description\" content=\"Una excursi\u00f3 per el barranc de Biniaraix es perfecta per complementar la teva est\u00e0ncia a un agroturisme a Mallorca. Naturalesa i etnografia a Mallorca\" \/>\n<meta name=\"robots\" content=\"index, follow, max-snippet:-1, max-image-preview:large, max-video-preview:-1\" \/>\n<link rel=\"canonical\" href=\"https:\/\/www.fincaturismo.com\/ca\/agroturisme-a-mallorca-naturalesa-i-etnografia-en-el-barranc-de-biniaraix\/\" \/>\n<meta property=\"og:locale\" content=\"ca_ES\" \/>\n<meta property=\"og:type\" content=\"article\" \/>\n<meta property=\"og:title\" content=\"Agroturisme a Mallorca. Naturalesa i etnografia Barranc de Biniaraix\" \/>\n<meta property=\"og:description\" content=\"Una excursi\u00f3 per el barranc de Biniaraix es perfecta per complementar la teva est\u00e0ncia a un agroturisme a Mallorca. Naturalesa i etnografia a Mallorca\" \/>\n<meta property=\"og:url\" content=\"https:\/\/www.fincaturismo.com\/ca\/agroturisme-a-mallorca-naturalesa-i-etnografia-en-el-barranc-de-biniaraix\/\" \/>\n<meta property=\"og:site_name\" content=\"Finca Turismo\" \/>\n<meta property=\"article:publisher\" content=\"https:\/\/www.facebook.com\/FincaTurismoMallorca\" \/>\n<meta property=\"article:published_time\" content=\"2014-01-10T11:46:14+00:00\" \/>\n<meta property=\"article:modified_time\" content=\"2020-05-29T18:45:39+00:00\" \/>\n<meta property=\"og:image\" content=\"http:\/\/www.fincaturismo.com\/wordpress\/wp-content\/uploads\/2014\/01\/oleoturismo_mallorca-2-de-1-300x281.jpg\" \/>\n<meta name=\"author\" content=\"Fincaturismo\" \/>\n<meta name=\"twitter:card\" content=\"summary_large_image\" \/>\n<meta name=\"twitter:creator\" content=\"@FincaTurismo\" \/>\n<meta name=\"twitter:site\" content=\"@FincaTurismo\" \/>\n<meta name=\"twitter:label1\" content=\"Escrit per\" \/>\n\t<meta name=\"twitter:data1\" content=\"Fincaturismo\" \/>\n\t<meta name=\"twitter:label2\" content=\"Temps estimat de lectura\" \/>\n\t<meta name=\"twitter:data2\" content=\"2 minuts\" \/>\n<script type=\"application\/ld+json\" class=\"yoast-schema-graph\">{\"@context\":\"https:\/\/schema.org\",\"@graph\":[{\"@type\":\"Article\",\"@id\":\"https:\/\/www.fincaturismo.com\/ca\/agroturisme-a-mallorca-naturalesa-i-etnografia-en-el-barranc-de-biniaraix\/#article\",\"isPartOf\":{\"@id\":\"https:\/\/www.fincaturismo.com\/ca\/agroturisme-a-mallorca-naturalesa-i-etnografia-en-el-barranc-de-biniaraix\/\"},\"author\":{\"name\":\"Fincaturismo\",\"@id\":\"https:\/\/www.fincaturismo.com\/ca\/#\/schema\/person\/c65b2bf4bb7727d5fa44f5fead52230b\"},\"headline\":\"Naturalesa i etnografia en el Barranc de Biniaraix\",\"datePublished\":\"2014-01-10T11:46:14+00:00\",\"dateModified\":\"2020-05-29T18:45:39+00:00\",\"mainEntityOfPage\":{\"@id\":\"https:\/\/www.fincaturismo.com\/ca\/agroturisme-a-mallorca-naturalesa-i-etnografia-en-el-barranc-de-biniaraix\/\"},\"wordCount\":368,\"publisher\":{\"@id\":\"https:\/\/www.fincaturismo.com\/ca\/#organization\"},\"image\":{\"@id\":\"https:\/\/www.fincaturismo.com\/ca\/agroturisme-a-mallorca-naturalesa-i-etnografia-en-el-barranc-de-biniaraix\/#primaryimage\"},\"thumbnailUrl\":\"http:\/\/www.fincaturismo.com\/wordpress\/wp-content\/uploads\/2014\/01\/oleoturismo_mallorca-2-de-1-300x281.jpg\",\"keywords\":[\"Finca\",\"Fincaturismo\",\"Mallorca\"],\"articleSection\":[\"Blog @ Fincaturismo\"],\"inLanguage\":\"ca\"},{\"@type\":\"WebPage\",\"@id\":\"https:\/\/www.fincaturismo.com\/ca\/agroturisme-a-mallorca-naturalesa-i-etnografia-en-el-barranc-de-biniaraix\/\",\"url\":\"https:\/\/www.fincaturismo.com\/ca\/agroturisme-a-mallorca-naturalesa-i-etnografia-en-el-barranc-de-biniaraix\/\",\"name\":\"Agroturisme a Mallorca. Naturalesa i etnografia Barranc de Biniaraix\",\"isPartOf\":{\"@id\":\"https:\/\/www.fincaturismo.com\/ca\/#website\"},\"primaryImageOfPage\":{\"@id\":\"https:\/\/www.fincaturismo.com\/ca\/agroturisme-a-mallorca-naturalesa-i-etnografia-en-el-barranc-de-biniaraix\/#primaryimage\"},\"image\":{\"@id\":\"https:\/\/www.fincaturismo.com\/ca\/agroturisme-a-mallorca-naturalesa-i-etnografia-en-el-barranc-de-biniaraix\/#primaryimage\"},\"thumbnailUrl\":\"http:\/\/www.fincaturismo.com\/wordpress\/wp-content\/uploads\/2014\/01\/oleoturismo_mallorca-2-de-1-300x281.jpg\",\"datePublished\":\"2014-01-10T11:46:14+00:00\",\"dateModified\":\"2020-05-29T18:45:39+00:00\",\"description\":\"Una excursi\u00f3 per el barranc de Biniaraix es perfecta per complementar la teva est\u00e0ncia a un agroturisme a Mallorca. Naturalesa i etnografia a Mallorca\",\"breadcrumb\":{\"@id\":\"https:\/\/www.fincaturismo.com\/ca\/agroturisme-a-mallorca-naturalesa-i-etnografia-en-el-barranc-de-biniaraix\/#breadcrumb\"},\"inLanguage\":\"ca\",\"potentialAction\":[{\"@type\":\"ReadAction\",\"target\":[\"https:\/\/www.fincaturismo.com\/ca\/agroturisme-a-mallorca-naturalesa-i-etnografia-en-el-barranc-de-biniaraix\/\"]}]},{\"@type\":\"ImageObject\",\"inLanguage\":\"ca\",\"@id\":\"https:\/\/www.fincaturismo.com\/ca\/agroturisme-a-mallorca-naturalesa-i-etnografia-en-el-barranc-de-biniaraix\/#primaryimage\",\"url\":\"http:\/\/www.fincaturismo.com\/wordpress\/wp-content\/uploads\/2014\/01\/oleoturismo_mallorca-2-de-1-300x281.jpg\",\"contentUrl\":\"http:\/\/www.fincaturismo.com\/wordpress\/wp-content\/uploads\/2014\/01\/oleoturismo_mallorca-2-de-1-300x281.jpg\"},{\"@type\":\"BreadcrumbList\",\"@id\":\"https:\/\/www.fincaturismo.com\/ca\/agroturisme-a-mallorca-naturalesa-i-etnografia-en-el-barranc-de-biniaraix\/#breadcrumb\",\"itemListElement\":[{\"@type\":\"ListItem\",\"position\":1,\"name\":\"Portada\",\"item\":\"https:\/\/www.fincaturismo.com\/ca\/\"},{\"@type\":\"ListItem\",\"position\":2,\"name\":\"Naturalesa i etnografia en el Barranc de Biniaraix\"}]},{\"@type\":\"WebSite\",\"@id\":\"https:\/\/www.fincaturismo.com\/ca\/#website\",\"url\":\"https:\/\/www.fincaturismo.com\/ca\/\",\"name\":\"Finca Turismo\",\"description\":\"fincaturismo.com\",\"publisher\":{\"@id\":\"https:\/\/www.fincaturismo.com\/ca\/#organization\"},\"potentialAction\":[{\"@type\":\"SearchAction\",\"target\":{\"@type\":\"EntryPoint\",\"urlTemplate\":\"https:\/\/www.fincaturismo.com\/ca\/?s={search_term_string}\"},\"query-input\":{\"@type\":\"PropertyValueSpecification\",\"valueRequired\":true,\"valueName\":\"search_term_string\"}}],\"inLanguage\":\"ca\"},{\"@type\":\"Organization\",\"@id\":\"https:\/\/www.fincaturismo.com\/ca\/#organization\",\"name\":\"Finca Turismo - fincaturismo.com\",\"url\":\"https:\/\/www.fincaturismo.com\/ca\/\",\"logo\":{\"@type\":\"ImageObject\",\"inLanguage\":\"ca\",\"@id\":\"https:\/\/www.fincaturismo.com\/ca\/#\/schema\/logo\/image\/\",\"url\":\"https:\/\/www.fincaturismo.com\/wp-content\/uploads\/2013\/02\/logoytexto.jpg\",\"contentUrl\":\"https:\/\/www.fincaturismo.com\/wp-content\/uploads\/2013\/02\/logoytexto.jpg\",\"width\":230,\"height\":27,\"caption\":\"Finca Turismo - fincaturismo.com\"},\"image\":{\"@id\":\"https:\/\/www.fincaturismo.com\/ca\/#\/schema\/logo\/image\/\"},\"sameAs\":[\"https:\/\/www.facebook.com\/FincaTurismoMallorca\",\"https:\/\/x.com\/FincaTurismo\"]},{\"@type\":\"Person\",\"@id\":\"https:\/\/www.fincaturismo.com\/ca\/#\/schema\/person\/c65b2bf4bb7727d5fa44f5fead52230b\",\"name\":\"Fincaturismo\",\"image\":{\"@type\":\"ImageObject\",\"inLanguage\":\"ca\",\"@id\":\"https:\/\/secure.gravatar.com\/avatar\/f47bdd94f6047eb50b46cfdc4afd6189dd9dd2063420b353c76dd6ca950eaa8c?s=96&d=mm&r=g\",\"url\":\"https:\/\/secure.gravatar.com\/avatar\/f47bdd94f6047eb50b46cfdc4afd6189dd9dd2063420b353c76dd6ca950eaa8c?s=96&d=mm&r=g\",\"contentUrl\":\"https:\/\/secure.gravatar.com\/avatar\/f47bdd94f6047eb50b46cfdc4afd6189dd9dd2063420b353c76dd6ca950eaa8c?s=96&d=mm&r=g\",\"caption\":\"Fincaturismo\"},\"sameAs\":[\"https:\/\/www.fincaturismo.com\"]}]}<\/script>\n<!-- \/ Yoast SEO plugin. -->","yoast_head_json":{"title":"Agroturisme a Mallorca. Naturalesa i etnografia Barranc de Biniaraix","description":"Una excursi\u00f3 per el barranc de Biniaraix es perfecta per complementar la teva est\u00e0ncia a un agroturisme a Mallorca. Naturalesa i etnografia a Mallorca","robots":{"index":"index","follow":"follow","max-snippet":"max-snippet:-1","max-image-preview":"max-image-preview:large","max-video-preview":"max-video-preview:-1"},"canonical":"https:\/\/www.fincaturismo.com\/ca\/agroturisme-a-mallorca-naturalesa-i-etnografia-en-el-barranc-de-biniaraix\/","og_locale":"ca_ES","og_type":"article","og_title":"Agroturisme a Mallorca. Naturalesa i etnografia Barranc de Biniaraix","og_description":"Una excursi\u00f3 per el barranc de Biniaraix es perfecta per complementar la teva est\u00e0ncia a un agroturisme a Mallorca. Naturalesa i etnografia a Mallorca","og_url":"https:\/\/www.fincaturismo.com\/ca\/agroturisme-a-mallorca-naturalesa-i-etnografia-en-el-barranc-de-biniaraix\/","og_site_name":"Finca Turismo","article_publisher":"https:\/\/www.facebook.com\/FincaTurismoMallorca","article_published_time":"2014-01-10T11:46:14+00:00","article_modified_time":"2020-05-29T18:45:39+00:00","og_image":[{"url":"http:\/\/www.fincaturismo.com\/wordpress\/wp-content\/uploads\/2014\/01\/oleoturismo_mallorca-2-de-1-300x281.jpg","type":"","width":"","height":""}],"author":"Fincaturismo","twitter_card":"summary_large_image","twitter_creator":"@FincaTurismo","twitter_site":"@FincaTurismo","twitter_misc":{"Escrit per":"Fincaturismo","Temps estimat de lectura":"2 minuts"},"schema":{"@context":"https:\/\/schema.org","@graph":[{"@type":"Article","@id":"https:\/\/www.fincaturismo.com\/ca\/agroturisme-a-mallorca-naturalesa-i-etnografia-en-el-barranc-de-biniaraix\/#article","isPartOf":{"@id":"https:\/\/www.fincaturismo.com\/ca\/agroturisme-a-mallorca-naturalesa-i-etnografia-en-el-barranc-de-biniaraix\/"},"author":{"name":"Fincaturismo","@id":"https:\/\/www.fincaturismo.com\/ca\/#\/schema\/person\/c65b2bf4bb7727d5fa44f5fead52230b"},"headline":"Naturalesa i etnografia en el Barranc de Biniaraix","datePublished":"2014-01-10T11:46:14+00:00","dateModified":"2020-05-29T18:45:39+00:00","mainEntityOfPage":{"@id":"https:\/\/www.fincaturismo.com\/ca\/agroturisme-a-mallorca-naturalesa-i-etnografia-en-el-barranc-de-biniaraix\/"},"wordCount":368,"publisher":{"@id":"https:\/\/www.fincaturismo.com\/ca\/#organization"},"image":{"@id":"https:\/\/www.fincaturismo.com\/ca\/agroturisme-a-mallorca-naturalesa-i-etnografia-en-el-barranc-de-biniaraix\/#primaryimage"},"thumbnailUrl":"http:\/\/www.fincaturismo.com\/wordpress\/wp-content\/uploads\/2014\/01\/oleoturismo_mallorca-2-de-1-300x281.jpg","keywords":["Finca","Fincaturismo","Mallorca"],"articleSection":["Blog @ Fincaturismo"],"inLanguage":"ca"},{"@type":"WebPage","@id":"https:\/\/www.fincaturismo.com\/ca\/agroturisme-a-mallorca-naturalesa-i-etnografia-en-el-barranc-de-biniaraix\/","url":"https:\/\/www.fincaturismo.com\/ca\/agroturisme-a-mallorca-naturalesa-i-etnografia-en-el-barranc-de-biniaraix\/","name":"Agroturisme a Mallorca. Naturalesa i etnografia Barranc de Biniaraix","isPartOf":{"@id":"https:\/\/www.fincaturismo.com\/ca\/#website"},"primaryImageOfPage":{"@id":"https:\/\/www.fincaturismo.com\/ca\/agroturisme-a-mallorca-naturalesa-i-etnografia-en-el-barranc-de-biniaraix\/#primaryimage"},"image":{"@id":"https:\/\/www.fincaturismo.com\/ca\/agroturisme-a-mallorca-naturalesa-i-etnografia-en-el-barranc-de-biniaraix\/#primaryimage"},"thumbnailUrl":"http:\/\/www.fincaturismo.com\/wordpress\/wp-content\/uploads\/2014\/01\/oleoturismo_mallorca-2-de-1-300x281.jpg","datePublished":"2014-01-10T11:46:14+00:00","dateModified":"2020-05-29T18:45:39+00:00","description":"Una excursi\u00f3 per el barranc de Biniaraix es perfecta per complementar la teva est\u00e0ncia a un agroturisme a Mallorca. Naturalesa i etnografia a Mallorca","breadcrumb":{"@id":"https:\/\/www.fincaturismo.com\/ca\/agroturisme-a-mallorca-naturalesa-i-etnografia-en-el-barranc-de-biniaraix\/#breadcrumb"},"inLanguage":"ca","potentialAction":[{"@type":"ReadAction","target":["https:\/\/www.fincaturismo.com\/ca\/agroturisme-a-mallorca-naturalesa-i-etnografia-en-el-barranc-de-biniaraix\/"]}]},{"@type":"ImageObject","inLanguage":"ca","@id":"https:\/\/www.fincaturismo.com\/ca\/agroturisme-a-mallorca-naturalesa-i-etnografia-en-el-barranc-de-biniaraix\/#primaryimage","url":"http:\/\/www.fincaturismo.com\/wordpress\/wp-content\/uploads\/2014\/01\/oleoturismo_mallorca-2-de-1-300x281.jpg","contentUrl":"http:\/\/www.fincaturismo.com\/wordpress\/wp-content\/uploads\/2014\/01\/oleoturismo_mallorca-2-de-1-300x281.jpg"},{"@type":"BreadcrumbList","@id":"https:\/\/www.fincaturismo.com\/ca\/agroturisme-a-mallorca-naturalesa-i-etnografia-en-el-barranc-de-biniaraix\/#breadcrumb","itemListElement":[{"@type":"ListItem","position":1,"name":"Portada","item":"https:\/\/www.fincaturismo.com\/ca\/"},{"@type":"ListItem","position":2,"name":"Naturalesa i etnografia en el Barranc de Biniaraix"}]},{"@type":"WebSite","@id":"https:\/\/www.fincaturismo.com\/ca\/#website","url":"https:\/\/www.fincaturismo.com\/ca\/","name":"Finca Turismo","description":"fincaturismo.com","publisher":{"@id":"https:\/\/www.fincaturismo.com\/ca\/#organization"},"potentialAction":[{"@type":"SearchAction","target":{"@type":"EntryPoint","urlTemplate":"https:\/\/www.fincaturismo.com\/ca\/?s={search_term_string}"},"query-input":{"@type":"PropertyValueSpecification","valueRequired":true,"valueName":"search_term_string"}}],"inLanguage":"ca"},{"@type":"Organization","@id":"https:\/\/www.fincaturismo.com\/ca\/#organization","name":"Finca Turismo - fincaturismo.com","url":"https:\/\/www.fincaturismo.com\/ca\/","logo":{"@type":"ImageObject","inLanguage":"ca","@id":"https:\/\/www.fincaturismo.com\/ca\/#\/schema\/logo\/image\/","url":"https:\/\/www.fincaturismo.com\/wp-content\/uploads\/2013\/02\/logoytexto.jpg","contentUrl":"https:\/\/www.fincaturismo.com\/wp-content\/uploads\/2013\/02\/logoytexto.jpg","width":230,"height":27,"caption":"Finca Turismo - fincaturismo.com"},"image":{"@id":"https:\/\/www.fincaturismo.com\/ca\/#\/schema\/logo\/image\/"},"sameAs":["https:\/\/www.facebook.com\/FincaTurismoMallorca","https:\/\/x.com\/FincaTurismo"]},{"@type":"Person","@id":"https:\/\/www.fincaturismo.com\/ca\/#\/schema\/person\/c65b2bf4bb7727d5fa44f5fead52230b","name":"Fincaturismo","image":{"@type":"ImageObject","inLanguage":"ca","@id":"https:\/\/secure.gravatar.com\/avatar\/f47bdd94f6047eb50b46cfdc4afd6189dd9dd2063420b353c76dd6ca950eaa8c?s=96&d=mm&r=g","url":"https:\/\/secure.gravatar.com\/avatar\/f47bdd94f6047eb50b46cfdc4afd6189dd9dd2063420b353c76dd6ca950eaa8c?s=96&d=mm&r=g","contentUrl":"https:\/\/secure.gravatar.com\/avatar\/f47bdd94f6047eb50b46cfdc4afd6189dd9dd2063420b353c76dd6ca950eaa8c?s=96&d=mm&r=g","caption":"Fincaturismo"},"sameAs":["https:\/\/www.fincaturismo.com"]}]}},"_links":{"self":[{"href":"https:\/\/www.fincaturismo.com\/ca\/wp-json\/wp\/v2\/posts\/5683","targetHints":{"allow":["GET"]}}],"collection":[{"href":"https:\/\/www.fincaturismo.com\/ca\/wp-json\/wp\/v2\/posts"}],"about":[{"href":"https:\/\/www.fincaturismo.com\/ca\/wp-json\/wp\/v2\/types\/post"}],"author":[{"embeddable":true,"href":"https:\/\/www.fincaturismo.com\/ca\/wp-json\/wp\/v2\/users\/1"}],"replies":[{"embeddable":true,"href":"https:\/\/www.fincaturismo.com\/ca\/wp-json\/wp\/v2\/comments?post=5683"}],"version-history":[{"count":4,"href":"https:\/\/www.fincaturismo.com\/ca\/wp-json\/wp\/v2\/posts\/5683\/revisions"}],"predecessor-version":[{"id":7667,"href":"https:\/\/www.fincaturismo.com\/ca\/wp-json\/wp\/v2\/posts\/5683\/revisions\/7667"}],"wp:attachment":[{"href":"https:\/\/www.fincaturismo.com\/ca\/wp-json\/wp\/v2\/media?parent=5683"}],"wp:term":[{"taxonomy":"category","embeddable":true,"href":"https:\/\/www.fincaturismo.com\/ca\/wp-json\/wp\/v2\/categories?post=5683"},{"taxonomy":"post_tag","embeddable":true,"href":"https:\/\/www.fincaturismo.com\/ca\/wp-json\/wp\/v2\/tags?post=5683"}],"curies":[{"name":"wp","href":"https:\/\/api.w.org\/{rel}","templated":true}]}}