{"id":5550,"date":"2013-06-21T16:50:52","date_gmt":"2013-06-21T16:50:52","guid":{"rendered":"http:\/\/www.fincaturismo.com\/la-sobrasada-y-el-cerdo-negro-protagonistas-de-la-gastronomia-de-mallorca-2\/"},"modified":"2020-05-29T19:25:32","modified_gmt":"2020-05-29T19:25:32","slug":"la-sobrassada-i-el-porc-negre-protagonistes-de-la-gastronomia-de-mallorca","status":"publish","type":"post","link":"https:\/\/www.fincaturismo.com\/ca\/la-sobrassada-i-el-porc-negre-protagonistes-de-la-gastronomia-de-mallorca\/","title":{"rendered":"La sobrassada i el porc negre: protagonistes de la gastronomia de Mallorca"},"content":{"rendered":"<p style=\"text-align: justify;\"><a href=\"http:\/\/www.fincaturismo.com\/wordpress\/wp-content\/uploads\/2013\/06\/sobrasada-mallorca.jpg\"><img loading=\"lazy\" decoding=\"async\" class=\"alignleft size-medium wp-image-5547\" src=\"http:\/\/www.fincaturismo.com\/wordpress\/wp-content\/uploads\/2013\/06\/sobrasada-mallorca-300x132.jpg\" alt=\"sobrassada gastronomia de mallorca\" width=\"300\" height=\"132\" srcset=\"https:\/\/www.fincaturismo.com\/wp-content\/uploads\/2013\/06\/sobrasada-mallorca-300x132.jpg 300w, https:\/\/www.fincaturismo.com\/wp-content\/uploads\/2013\/06\/sobrasada-mallorca-150x66.jpg 150w, https:\/\/www.fincaturismo.com\/wp-content\/uploads\/2013\/06\/sobrasada-mallorca-350x154.jpg 350w, https:\/\/www.fincaturismo.com\/wp-content\/uploads\/2013\/06\/sobrasada-mallorca.jpg 500w\" sizes=\"auto, (max-width: 300px) 100vw, 300px\" \/><\/a><\/p>\n<p style=\"text-align: justify;\">La sobrassada \u00e9s una aut\u00e8ntica exquisidesa culin\u00e0ria que forma part de la <b>gastronomia de Mallorca<\/b> i que s\u2019utilitza per preparar deliciosos pa amb olis quan la untam sobre una llesca de pa moreno, aix\u00ed com riques panades de carn, aquestes \u00faltimes molt t\u00edpiques dins la Setmana Santa mallorquina, encara que es poden trobar a les panaderies de l\u2019illa durant tot l\u2019any.<\/p>\n<p style=\"text-align: justify;\">A m\u00e9s, el fet de que la <b>sobrassada<\/b> es pugui mantenir en perfecte estat durant molt de temps i consumir-se tant crua com rostida, ha convertit a aquest ingredient propi de la gastronomia de Mallorca en un aliment molt desitjat pels turistes que s\u2019apropen fins a l\u2019illa i el degusten.<\/p>\n<p style=\"text-align: justify;\">I \u00e9s que son poques les persones que decideixen allotjar-se a <b>una finca d\u2019agroturisme a Mallorca<\/b> i que no tornen a la seva ciutat natal sense haver-se quedat totalment enamorades pel sabor de la sobrassada, la qual es prepara utilitzant carn magra de porc negre, sal, pebre negre i pebre vermell, aquesta \u00faltima l\u2019esp\u00e8cia responsable del intens <b>color vermell\u00f3s<\/b> d\u2019aquest embotit.<\/p>\n<p style=\"text-align: justify;\">Quant a la carn que s\u2019utilitza per preparar la sobrassada, \u00e9s important destacar que el <b>porc negre mallorqu\u00ed<\/b> \u00e9s el responsable del delici\u00f3s sabor d\u2019aquest ingredient, un animal dom\u00e8stic la carn del qual posseeix una alt\u00edssima qualitat i que s\u2019alimenta, principalment, de determinades plantes que no acostumen a ser consumides per altres races porcines.<\/p>\n<p style=\"text-align: justify;\">Aix\u00ed mateix, la sobrassada no tan sols crida l\u2019atenci\u00f3 pel seu sabor, sin\u00f3 tamb\u00e9 per les tradicions que l\u2019envolten a causa de que, per elaborar-la, es duen a terme les famoses <b><i>Matances<\/i><\/b>, en les quals els mallorquins es reuneixen per procedir a la matan\u00e7a del porc i aprofitar la seva carn en la seva totalitat amb la finalitat de crear sobrassades, llonganisses, mantega per fer ensa\u00efmades i altres moltes del\u00edcies.<\/p>\n","protected":false},"excerpt":{"rendered":"<p>La sobrassada \u00e9s una aut\u00e8ntica exquisidesa culin\u00e0ria que forma part de la gastronomia de Mallorca [&hellip;]<\/p>\n","protected":false},"author":1,"featured_media":5547,"comment_status":"closed","ping_status":"open","sticky":false,"template":"","format":"standard","meta":{"footnotes":""},"categories":[233],"tags":[],"class_list":["post-5550","post","type-post","status-publish","format-standard","has-post-thumbnail","hentry","category-blog-fincaturismo-catala"],"yoast_head":"<!-- This site is optimized with the Yoast SEO plugin v27.2 - https:\/\/yoast.com\/product\/yoast-seo-wordpress\/ -->\n<title>La sobrassada i el porc negre: protagonistes de la gastronomia de Mallorca<\/title>\n<meta name=\"description\" content=\"La sobrassada \u00e9s una aut\u00e8ntica exquisidesa culin\u00e0ria que forma part de la gastronomia de Mallorca. Agroturisme a Mallorca\" \/>\n<meta name=\"robots\" content=\"index, follow, max-snippet:-1, max-image-preview:large, max-video-preview:-1\" \/>\n<link rel=\"canonical\" href=\"https:\/\/www.fincaturismo.com\/ca\/la-sobrassada-i-el-porc-negre-protagonistes-de-la-gastronomia-de-mallorca\/\" \/>\n<meta property=\"og:locale\" content=\"ca_ES\" \/>\n<meta property=\"og:type\" content=\"article\" \/>\n<meta property=\"og:title\" content=\"La sobrassada i el porc negre: protagonistes de la gastronomia de Mallorca\" \/>\n<meta property=\"og:description\" content=\"La sobrassada \u00e9s una aut\u00e8ntica exquisidesa culin\u00e0ria que forma part de la gastronomia de Mallorca. Agroturisme a Mallorca\" \/>\n<meta property=\"og:url\" content=\"https:\/\/www.fincaturismo.com\/ca\/la-sobrassada-i-el-porc-negre-protagonistes-de-la-gastronomia-de-mallorca\/\" \/>\n<meta property=\"og:site_name\" content=\"Finca Turismo\" \/>\n<meta property=\"article:publisher\" content=\"https:\/\/www.facebook.com\/FincaTurismoMallorca\" \/>\n<meta property=\"article:published_time\" content=\"2013-06-21T16:50:52+00:00\" \/>\n<meta property=\"article:modified_time\" content=\"2020-05-29T19:25:32+00:00\" \/>\n<meta property=\"og:image\" content=\"https:\/\/www.fincaturismo.com\/wp-content\/uploads\/2013\/06\/sobrasada-mallorca.jpg\" \/>\n\t<meta property=\"og:image:width\" content=\"500\" \/>\n\t<meta property=\"og:image:height\" content=\"220\" \/>\n\t<meta property=\"og:image:type\" content=\"image\/jpeg\" \/>\n<meta name=\"author\" content=\"Fincaturismo\" \/>\n<meta name=\"twitter:card\" content=\"summary_large_image\" \/>\n<meta name=\"twitter:creator\" content=\"@FincaTurismo\" \/>\n<meta name=\"twitter:site\" content=\"@FincaTurismo\" \/>\n<meta name=\"twitter:label1\" content=\"Escrit per\" \/>\n\t<meta name=\"twitter:data1\" content=\"Fincaturismo\" \/>\n\t<meta name=\"twitter:label2\" content=\"Temps estimat de lectura\" \/>\n\t<meta name=\"twitter:data2\" content=\"2 minuts\" \/>\n<script type=\"application\/ld+json\" class=\"yoast-schema-graph\">{\"@context\":\"https:\/\/schema.org\",\"@graph\":[{\"@type\":\"Article\",\"@id\":\"https:\/\/www.fincaturismo.com\/ca\/la-sobrassada-i-el-porc-negre-protagonistes-de-la-gastronomia-de-mallorca\/#article\",\"isPartOf\":{\"@id\":\"https:\/\/www.fincaturismo.com\/ca\/la-sobrassada-i-el-porc-negre-protagonistes-de-la-gastronomia-de-mallorca\/\"},\"author\":{\"name\":\"Fincaturismo\",\"@id\":\"https:\/\/www.fincaturismo.com\/ca\/#\/schema\/person\/c65b2bf4bb7727d5fa44f5fead52230b\"},\"headline\":\"La sobrassada i el porc negre: protagonistes de la gastronomia de Mallorca\",\"datePublished\":\"2013-06-21T16:50:52+00:00\",\"dateModified\":\"2020-05-29T19:25:32+00:00\",\"mainEntityOfPage\":{\"@id\":\"https:\/\/www.fincaturismo.com\/ca\/la-sobrassada-i-el-porc-negre-protagonistes-de-la-gastronomia-de-mallorca\/\"},\"wordCount\":333,\"publisher\":{\"@id\":\"https:\/\/www.fincaturismo.com\/ca\/#organization\"},\"image\":{\"@id\":\"https:\/\/www.fincaturismo.com\/ca\/la-sobrassada-i-el-porc-negre-protagonistes-de-la-gastronomia-de-mallorca\/#primaryimage\"},\"thumbnailUrl\":\"https:\/\/www.fincaturismo.com\/wp-content\/uploads\/2013\/06\/sobrasada-mallorca.jpg\",\"articleSection\":[\"Blog @ Fincaturismo\"],\"inLanguage\":\"ca\"},{\"@type\":\"WebPage\",\"@id\":\"https:\/\/www.fincaturismo.com\/ca\/la-sobrassada-i-el-porc-negre-protagonistes-de-la-gastronomia-de-mallorca\/\",\"url\":\"https:\/\/www.fincaturismo.com\/ca\/la-sobrassada-i-el-porc-negre-protagonistes-de-la-gastronomia-de-mallorca\/\",\"name\":\"La sobrassada i el porc negre: protagonistes de la gastronomia de Mallorca\",\"isPartOf\":{\"@id\":\"https:\/\/www.fincaturismo.com\/ca\/#website\"},\"primaryImageOfPage\":{\"@id\":\"https:\/\/www.fincaturismo.com\/ca\/la-sobrassada-i-el-porc-negre-protagonistes-de-la-gastronomia-de-mallorca\/#primaryimage\"},\"image\":{\"@id\":\"https:\/\/www.fincaturismo.com\/ca\/la-sobrassada-i-el-porc-negre-protagonistes-de-la-gastronomia-de-mallorca\/#primaryimage\"},\"thumbnailUrl\":\"https:\/\/www.fincaturismo.com\/wp-content\/uploads\/2013\/06\/sobrasada-mallorca.jpg\",\"datePublished\":\"2013-06-21T16:50:52+00:00\",\"dateModified\":\"2020-05-29T19:25:32+00:00\",\"description\":\"La sobrassada \u00e9s una aut\u00e8ntica exquisidesa culin\u00e0ria que forma part de la gastronomia de Mallorca. Agroturisme a Mallorca\",\"breadcrumb\":{\"@id\":\"https:\/\/www.fincaturismo.com\/ca\/la-sobrassada-i-el-porc-negre-protagonistes-de-la-gastronomia-de-mallorca\/#breadcrumb\"},\"inLanguage\":\"ca\",\"potentialAction\":[{\"@type\":\"ReadAction\",\"target\":[\"https:\/\/www.fincaturismo.com\/ca\/la-sobrassada-i-el-porc-negre-protagonistes-de-la-gastronomia-de-mallorca\/\"]}]},{\"@type\":\"ImageObject\",\"inLanguage\":\"ca\",\"@id\":\"https:\/\/www.fincaturismo.com\/ca\/la-sobrassada-i-el-porc-negre-protagonistes-de-la-gastronomia-de-mallorca\/#primaryimage\",\"url\":\"https:\/\/www.fincaturismo.com\/wp-content\/uploads\/2013\/06\/sobrasada-mallorca.jpg\",\"contentUrl\":\"https:\/\/www.fincaturismo.com\/wp-content\/uploads\/2013\/06\/sobrasada-mallorca.jpg\",\"width\":500,\"height\":220,\"caption\":\"sobrasada gastronom\u00eda de mallorca\"},{\"@type\":\"BreadcrumbList\",\"@id\":\"https:\/\/www.fincaturismo.com\/ca\/la-sobrassada-i-el-porc-negre-protagonistes-de-la-gastronomia-de-mallorca\/#breadcrumb\",\"itemListElement\":[{\"@type\":\"ListItem\",\"position\":1,\"name\":\"Portada\",\"item\":\"https:\/\/www.fincaturismo.com\/ca\/\"},{\"@type\":\"ListItem\",\"position\":2,\"name\":\"La sobrassada i el porc negre: protagonistes de la gastronomia de Mallorca\"}]},{\"@type\":\"WebSite\",\"@id\":\"https:\/\/www.fincaturismo.com\/ca\/#website\",\"url\":\"https:\/\/www.fincaturismo.com\/ca\/\",\"name\":\"Finca Turismo\",\"description\":\"fincaturismo.com\",\"publisher\":{\"@id\":\"https:\/\/www.fincaturismo.com\/ca\/#organization\"},\"potentialAction\":[{\"@type\":\"SearchAction\",\"target\":{\"@type\":\"EntryPoint\",\"urlTemplate\":\"https:\/\/www.fincaturismo.com\/ca\/?s={search_term_string}\"},\"query-input\":{\"@type\":\"PropertyValueSpecification\",\"valueRequired\":true,\"valueName\":\"search_term_string\"}}],\"inLanguage\":\"ca\"},{\"@type\":\"Organization\",\"@id\":\"https:\/\/www.fincaturismo.com\/ca\/#organization\",\"name\":\"Finca Turismo - fincaturismo.com\",\"url\":\"https:\/\/www.fincaturismo.com\/ca\/\",\"logo\":{\"@type\":\"ImageObject\",\"inLanguage\":\"ca\",\"@id\":\"https:\/\/www.fincaturismo.com\/ca\/#\/schema\/logo\/image\/\",\"url\":\"https:\/\/www.fincaturismo.com\/wp-content\/uploads\/2013\/02\/logoytexto.jpg\",\"contentUrl\":\"https:\/\/www.fincaturismo.com\/wp-content\/uploads\/2013\/02\/logoytexto.jpg\",\"width\":230,\"height\":27,\"caption\":\"Finca Turismo - fincaturismo.com\"},\"image\":{\"@id\":\"https:\/\/www.fincaturismo.com\/ca\/#\/schema\/logo\/image\/\"},\"sameAs\":[\"https:\/\/www.facebook.com\/FincaTurismoMallorca\",\"https:\/\/x.com\/FincaTurismo\"]},{\"@type\":\"Person\",\"@id\":\"https:\/\/www.fincaturismo.com\/ca\/#\/schema\/person\/c65b2bf4bb7727d5fa44f5fead52230b\",\"name\":\"Fincaturismo\",\"image\":{\"@type\":\"ImageObject\",\"inLanguage\":\"ca\",\"@id\":\"https:\/\/secure.gravatar.com\/avatar\/f47bdd94f6047eb50b46cfdc4afd6189dd9dd2063420b353c76dd6ca950eaa8c?s=96&d=mm&r=g\",\"url\":\"https:\/\/secure.gravatar.com\/avatar\/f47bdd94f6047eb50b46cfdc4afd6189dd9dd2063420b353c76dd6ca950eaa8c?s=96&d=mm&r=g\",\"contentUrl\":\"https:\/\/secure.gravatar.com\/avatar\/f47bdd94f6047eb50b46cfdc4afd6189dd9dd2063420b353c76dd6ca950eaa8c?s=96&d=mm&r=g\",\"caption\":\"Fincaturismo\"},\"sameAs\":[\"https:\/\/www.fincaturismo.com\"]}]}<\/script>\n<!-- \/ Yoast SEO plugin. -->","yoast_head_json":{"title":"La sobrassada i el porc negre: protagonistes de la gastronomia de Mallorca","description":"La sobrassada \u00e9s una aut\u00e8ntica exquisidesa culin\u00e0ria que forma part de la gastronomia de Mallorca. Agroturisme a Mallorca","robots":{"index":"index","follow":"follow","max-snippet":"max-snippet:-1","max-image-preview":"max-image-preview:large","max-video-preview":"max-video-preview:-1"},"canonical":"https:\/\/www.fincaturismo.com\/ca\/la-sobrassada-i-el-porc-negre-protagonistes-de-la-gastronomia-de-mallorca\/","og_locale":"ca_ES","og_type":"article","og_title":"La sobrassada i el porc negre: protagonistes de la gastronomia de Mallorca","og_description":"La sobrassada \u00e9s una aut\u00e8ntica exquisidesa culin\u00e0ria que forma part de la gastronomia de Mallorca. Agroturisme a Mallorca","og_url":"https:\/\/www.fincaturismo.com\/ca\/la-sobrassada-i-el-porc-negre-protagonistes-de-la-gastronomia-de-mallorca\/","og_site_name":"Finca Turismo","article_publisher":"https:\/\/www.facebook.com\/FincaTurismoMallorca","article_published_time":"2013-06-21T16:50:52+00:00","article_modified_time":"2020-05-29T19:25:32+00:00","og_image":[{"width":500,"height":220,"url":"https:\/\/www.fincaturismo.com\/wp-content\/uploads\/2013\/06\/sobrasada-mallorca.jpg","type":"image\/jpeg"}],"author":"Fincaturismo","twitter_card":"summary_large_image","twitter_creator":"@FincaTurismo","twitter_site":"@FincaTurismo","twitter_misc":{"Escrit per":"Fincaturismo","Temps estimat de lectura":"2 minuts"},"schema":{"@context":"https:\/\/schema.org","@graph":[{"@type":"Article","@id":"https:\/\/www.fincaturismo.com\/ca\/la-sobrassada-i-el-porc-negre-protagonistes-de-la-gastronomia-de-mallorca\/#article","isPartOf":{"@id":"https:\/\/www.fincaturismo.com\/ca\/la-sobrassada-i-el-porc-negre-protagonistes-de-la-gastronomia-de-mallorca\/"},"author":{"name":"Fincaturismo","@id":"https:\/\/www.fincaturismo.com\/ca\/#\/schema\/person\/c65b2bf4bb7727d5fa44f5fead52230b"},"headline":"La sobrassada i el porc negre: protagonistes de la gastronomia de Mallorca","datePublished":"2013-06-21T16:50:52+00:00","dateModified":"2020-05-29T19:25:32+00:00","mainEntityOfPage":{"@id":"https:\/\/www.fincaturismo.com\/ca\/la-sobrassada-i-el-porc-negre-protagonistes-de-la-gastronomia-de-mallorca\/"},"wordCount":333,"publisher":{"@id":"https:\/\/www.fincaturismo.com\/ca\/#organization"},"image":{"@id":"https:\/\/www.fincaturismo.com\/ca\/la-sobrassada-i-el-porc-negre-protagonistes-de-la-gastronomia-de-mallorca\/#primaryimage"},"thumbnailUrl":"https:\/\/www.fincaturismo.com\/wp-content\/uploads\/2013\/06\/sobrasada-mallorca.jpg","articleSection":["Blog @ Fincaturismo"],"inLanguage":"ca"},{"@type":"WebPage","@id":"https:\/\/www.fincaturismo.com\/ca\/la-sobrassada-i-el-porc-negre-protagonistes-de-la-gastronomia-de-mallorca\/","url":"https:\/\/www.fincaturismo.com\/ca\/la-sobrassada-i-el-porc-negre-protagonistes-de-la-gastronomia-de-mallorca\/","name":"La sobrassada i el porc negre: protagonistes de la gastronomia de Mallorca","isPartOf":{"@id":"https:\/\/www.fincaturismo.com\/ca\/#website"},"primaryImageOfPage":{"@id":"https:\/\/www.fincaturismo.com\/ca\/la-sobrassada-i-el-porc-negre-protagonistes-de-la-gastronomia-de-mallorca\/#primaryimage"},"image":{"@id":"https:\/\/www.fincaturismo.com\/ca\/la-sobrassada-i-el-porc-negre-protagonistes-de-la-gastronomia-de-mallorca\/#primaryimage"},"thumbnailUrl":"https:\/\/www.fincaturismo.com\/wp-content\/uploads\/2013\/06\/sobrasada-mallorca.jpg","datePublished":"2013-06-21T16:50:52+00:00","dateModified":"2020-05-29T19:25:32+00:00","description":"La sobrassada \u00e9s una aut\u00e8ntica exquisidesa culin\u00e0ria que forma part de la gastronomia de Mallorca. Agroturisme a Mallorca","breadcrumb":{"@id":"https:\/\/www.fincaturismo.com\/ca\/la-sobrassada-i-el-porc-negre-protagonistes-de-la-gastronomia-de-mallorca\/#breadcrumb"},"inLanguage":"ca","potentialAction":[{"@type":"ReadAction","target":["https:\/\/www.fincaturismo.com\/ca\/la-sobrassada-i-el-porc-negre-protagonistes-de-la-gastronomia-de-mallorca\/"]}]},{"@type":"ImageObject","inLanguage":"ca","@id":"https:\/\/www.fincaturismo.com\/ca\/la-sobrassada-i-el-porc-negre-protagonistes-de-la-gastronomia-de-mallorca\/#primaryimage","url":"https:\/\/www.fincaturismo.com\/wp-content\/uploads\/2013\/06\/sobrasada-mallorca.jpg","contentUrl":"https:\/\/www.fincaturismo.com\/wp-content\/uploads\/2013\/06\/sobrasada-mallorca.jpg","width":500,"height":220,"caption":"sobrasada gastronom\u00eda de mallorca"},{"@type":"BreadcrumbList","@id":"https:\/\/www.fincaturismo.com\/ca\/la-sobrassada-i-el-porc-negre-protagonistes-de-la-gastronomia-de-mallorca\/#breadcrumb","itemListElement":[{"@type":"ListItem","position":1,"name":"Portada","item":"https:\/\/www.fincaturismo.com\/ca\/"},{"@type":"ListItem","position":2,"name":"La sobrassada i el porc negre: protagonistes de la gastronomia de Mallorca"}]},{"@type":"WebSite","@id":"https:\/\/www.fincaturismo.com\/ca\/#website","url":"https:\/\/www.fincaturismo.com\/ca\/","name":"Finca Turismo","description":"fincaturismo.com","publisher":{"@id":"https:\/\/www.fincaturismo.com\/ca\/#organization"},"potentialAction":[{"@type":"SearchAction","target":{"@type":"EntryPoint","urlTemplate":"https:\/\/www.fincaturismo.com\/ca\/?s={search_term_string}"},"query-input":{"@type":"PropertyValueSpecification","valueRequired":true,"valueName":"search_term_string"}}],"inLanguage":"ca"},{"@type":"Organization","@id":"https:\/\/www.fincaturismo.com\/ca\/#organization","name":"Finca Turismo - fincaturismo.com","url":"https:\/\/www.fincaturismo.com\/ca\/","logo":{"@type":"ImageObject","inLanguage":"ca","@id":"https:\/\/www.fincaturismo.com\/ca\/#\/schema\/logo\/image\/","url":"https:\/\/www.fincaturismo.com\/wp-content\/uploads\/2013\/02\/logoytexto.jpg","contentUrl":"https:\/\/www.fincaturismo.com\/wp-content\/uploads\/2013\/02\/logoytexto.jpg","width":230,"height":27,"caption":"Finca Turismo - fincaturismo.com"},"image":{"@id":"https:\/\/www.fincaturismo.com\/ca\/#\/schema\/logo\/image\/"},"sameAs":["https:\/\/www.facebook.com\/FincaTurismoMallorca","https:\/\/x.com\/FincaTurismo"]},{"@type":"Person","@id":"https:\/\/www.fincaturismo.com\/ca\/#\/schema\/person\/c65b2bf4bb7727d5fa44f5fead52230b","name":"Fincaturismo","image":{"@type":"ImageObject","inLanguage":"ca","@id":"https:\/\/secure.gravatar.com\/avatar\/f47bdd94f6047eb50b46cfdc4afd6189dd9dd2063420b353c76dd6ca950eaa8c?s=96&d=mm&r=g","url":"https:\/\/secure.gravatar.com\/avatar\/f47bdd94f6047eb50b46cfdc4afd6189dd9dd2063420b353c76dd6ca950eaa8c?s=96&d=mm&r=g","contentUrl":"https:\/\/secure.gravatar.com\/avatar\/f47bdd94f6047eb50b46cfdc4afd6189dd9dd2063420b353c76dd6ca950eaa8c?s=96&d=mm&r=g","caption":"Fincaturismo"},"sameAs":["https:\/\/www.fincaturismo.com"]}]}},"_links":{"self":[{"href":"https:\/\/www.fincaturismo.com\/ca\/wp-json\/wp\/v2\/posts\/5550","targetHints":{"allow":["GET"]}}],"collection":[{"href":"https:\/\/www.fincaturismo.com\/ca\/wp-json\/wp\/v2\/posts"}],"about":[{"href":"https:\/\/www.fincaturismo.com\/ca\/wp-json\/wp\/v2\/types\/post"}],"author":[{"embeddable":true,"href":"https:\/\/www.fincaturismo.com\/ca\/wp-json\/wp\/v2\/users\/1"}],"replies":[{"embeddable":true,"href":"https:\/\/www.fincaturismo.com\/ca\/wp-json\/wp\/v2\/comments?post=5550"}],"version-history":[{"count":4,"href":"https:\/\/www.fincaturismo.com\/ca\/wp-json\/wp\/v2\/posts\/5550\/revisions"}],"predecessor-version":[{"id":10535,"href":"https:\/\/www.fincaturismo.com\/ca\/wp-json\/wp\/v2\/posts\/5550\/revisions\/10535"}],"wp:featuredmedia":[{"embeddable":true,"href":"https:\/\/www.fincaturismo.com\/ca\/wp-json\/wp\/v2\/media\/5547"}],"wp:attachment":[{"href":"https:\/\/www.fincaturismo.com\/ca\/wp-json\/wp\/v2\/media?parent=5550"}],"wp:term":[{"taxonomy":"category","embeddable":true,"href":"https:\/\/www.fincaturismo.com\/ca\/wp-json\/wp\/v2\/categories?post=5550"},{"taxonomy":"post_tag","embeddable":true,"href":"https:\/\/www.fincaturismo.com\/ca\/wp-json\/wp\/v2\/tags?post=5550"}],"curies":[{"name":"wp","href":"https:\/\/api.w.org\/{rel}","templated":true}]}}