{"id":5349,"date":"2013-04-30T15:40:35","date_gmt":"2013-04-30T15:40:35","guid":{"rendered":"http:\/\/www.fincaturismo.com\/ruta-por-la-serra-de-tramuntana-patrimonio-mundial-de-la-humanidad-2\/"},"modified":"2020-05-23T12:56:18","modified_gmt":"2020-05-23T12:56:18","slug":"ruta-per-la-serra-de-tramuntana-patrimoni-mundial-de-la-humanitat","status":"publish","type":"post","link":"https:\/\/www.fincaturismo.com\/ca\/ruta-per-la-serra-de-tramuntana-patrimoni-mundial-de-la-humanitat\/","title":{"rendered":"Ruta per la Serra de Tramuntana, Patrimoni Mundial de la Humanitat"},"content":{"rendered":"<p style=\"text-align: justify;\"><a href=\"http:\/\/www.fincaturismo.com\/wordpress\/wp-content\/uploads\/2013\/04\/ruta_por_la_serra_de_tramuntana.jpg\"><img loading=\"lazy\" decoding=\"async\" class=\"alignleft size-medium wp-image-5346\" alt=\"ruta por la Serra de Tramuntana\" src=\"http:\/\/www.fincaturismo.com\/wordpress\/wp-content\/uploads\/2013\/04\/ruta_por_la_serra_de_tramuntana-300x225.jpg\" width=\"300\" height=\"225\" srcset=\"https:\/\/www.fincaturismo.com\/wp-content\/uploads\/2013\/04\/ruta_por_la_serra_de_tramuntana-300x225.jpg 300w, https:\/\/www.fincaturismo.com\/wp-content\/uploads\/2013\/04\/ruta_por_la_serra_de_tramuntana-150x112.jpg 150w, https:\/\/www.fincaturismo.com\/wp-content\/uploads\/2013\/04\/ruta_por_la_serra_de_tramuntana-350x262.jpg 350w, https:\/\/www.fincaturismo.com\/wp-content\/uploads\/2013\/04\/ruta_por_la_serra_de_tramuntana.jpg 400w\" sizes=\"auto, (max-width: 300px) 100vw, 300px\" \/><\/a><\/p>\n<p style=\"text-align: justify;\">La <b>Serra<\/b><b> de Tramuntana<\/b> \u00e9s un paratge situat al nord-oest de Mallorca i la principal serra de l\u2019illa a causa de la gran quantitat de pobles que la conformen, a on destaquen <b>S\u00f3ller, Valldemossa o Dei\u00e0<\/b>. Tots ells territoris d&#8217;una bellesa sense l\u00edmits pels seus muntanyencs paisatges, els quals han convertit a aquest enclavament mallorqu\u00ed en <b>Patrimoni de la Humanitat per la Unesco.<\/b><\/p>\n<p style=\"text-align: justify;\">\u00c9s per aix\u00f2 que realitzar una <b>ruta per la Serra de Tramuntana<\/b> \u00e9s una activitat que cada vegada compta amb m\u00e9s adeptes, no nom\u00e9s entre els habitants del lloc. Tamb\u00e9 entre els turistes que visiten Mallorca i que desitgen con\u00e8ixer a fons aquests paisatges, mentre respiren aire pur i recorren les seves terres per gaudir d\u2019unes meravelloses vistes.<\/p>\n<p style=\"text-align: justify;\">Dins d&#8217;aquest grup de senders i excursions trobem el <b>Cam\u00ed de S\u2019Arxiduc<\/b>, una travessia creada en honor a aquest personatge hist\u00f2ric que, durant el segle XIX, es va quedar captivat per la bellesa de Mallorca, per la qual cosa va comen\u00e7ar a adquirir propietats a l\u2019illa. Aix\u00ed, va arribar un moment en el que eren tantes les cases que havia adquirit que va ordenar que es constru\u00eds un sender poder anar d&#8217;una a l\u2019altra recorrent un \u00fanic cam\u00ed.<\/p>\n<p style=\"text-align: justify;\">\u00c9s aix\u00ed com va n\u00e9ixer aquest sender que parteix de <b>Valldemossa<\/b> per tocar a la seva fi al <b>Puig des Teix<\/b>, despr\u00e9s de sis hores d&#8217;una excursi\u00f3 repleta de bells paisatges, penya-segats, miradors, antigues edificacions i camps. Tot aix\u00f2 permet que els qui decideixen allotjar-se a una <b>finca d\u2019agroturisme a Mallorca<\/b> i realitzar una ruta per la <b>Serra<\/b><b> de Tramuntana<\/b> puguin gaudir de la naturalesa i la hist\u00f2ria en estat pur.<\/p>\n<p style=\"text-align: justify;\">Aix\u00ed mateix, practicar <b>senderisme pel nord-oest de Mallorca<\/b> tamb\u00e9 permet con\u00e8ixer les <b>marjades<\/b>, molt abundants a la Serra de Tramuntana a causa de l&#8217;elevat pendent que posseeixen els seus terrenys, el qual feia que fos molt complicat conrear plantes i aliments.<\/p>\n<p style=\"text-align: justify;\">Per aquest motiu, es van crear aquestes marjades, les quals es basen en la construcci\u00f3 de petits <b>murs de pedra<\/b> que s&#8217;utilitzen per evitar els despreniments de terra, ja que aquests provocaven, anys enrere, que fos impossible conrear en aquestes terres de grans desnivells.<\/p>\n<p style=\"text-align: justify;\">\u00c9s aix\u00ed com la <b>Serra<\/b><b> de Tramuntana<\/b> s&#8217;ha convertit en un lloc a on predominen l&#8217;agricultura, els bells paisatges i els senders m\u00e9s enigm\u00e0tics, tres factors que han captivat a viatgers i habitants.<\/p>\n","protected":false},"excerpt":{"rendered":"<p>La Serra de Tramuntana \u00e9s un paratge situat al nord-oest de Mallorca i la principal [&hellip;]<\/p>\n","protected":false},"author":1,"featured_media":5346,"comment_status":"closed","ping_status":"open","sticky":false,"template":"","format":"standard","meta":{"footnotes":""},"categories":[233],"tags":[],"class_list":["post-5349","post","type-post","status-publish","format-standard","has-post-thumbnail","hentry","category-blog-fincaturismo-catala"],"yoast_head":"<!-- This site is optimized with the Yoast SEO plugin v27.2 - https:\/\/yoast.com\/product\/yoast-seo-wordpress\/ -->\n<title>Ruta per la Serra de Tramuntana, Patrimoni Mundial de la Humanitat<\/title>\n<meta name=\"description\" content=\"Una finca d\u2019agroturisme a Mallorca i realitzar una ruta per la Serra de Tramuntana, ideals per gaudir de la naturalesa i la hist\u00f2ria en estat pur\" \/>\n<meta name=\"robots\" content=\"index, follow, max-snippet:-1, max-image-preview:large, max-video-preview:-1\" \/>\n<link rel=\"canonical\" href=\"https:\/\/www.fincaturismo.com\/ca\/ruta-per-la-serra-de-tramuntana-patrimoni-mundial-de-la-humanitat\/\" \/>\n<meta property=\"og:locale\" content=\"ca_ES\" \/>\n<meta property=\"og:type\" content=\"article\" \/>\n<meta property=\"og:title\" content=\"Ruta per la Serra de Tramuntana, Patrimoni Mundial de la Humanitat\" \/>\n<meta property=\"og:description\" content=\"Una finca d\u2019agroturisme a Mallorca i realitzar una ruta per la Serra de Tramuntana, ideals per gaudir de la naturalesa i la hist\u00f2ria en estat pur\" \/>\n<meta property=\"og:url\" content=\"https:\/\/www.fincaturismo.com\/ca\/ruta-per-la-serra-de-tramuntana-patrimoni-mundial-de-la-humanitat\/\" \/>\n<meta property=\"og:site_name\" content=\"Finca Turismo\" \/>\n<meta property=\"article:publisher\" content=\"https:\/\/www.facebook.com\/FincaTurismoMallorca\" \/>\n<meta property=\"article:published_time\" content=\"2013-04-30T15:40:35+00:00\" \/>\n<meta property=\"article:modified_time\" content=\"2020-05-23T12:56:18+00:00\" \/>\n<meta property=\"og:image\" content=\"https:\/\/www.fincaturismo.com\/wp-content\/uploads\/2013\/04\/ruta_por_la_serra_de_tramuntana.jpg\" \/>\n\t<meta property=\"og:image:width\" content=\"400\" \/>\n\t<meta property=\"og:image:height\" content=\"300\" \/>\n\t<meta property=\"og:image:type\" content=\"image\/jpeg\" \/>\n<meta name=\"author\" content=\"Fincaturismo\" \/>\n<meta name=\"twitter:card\" content=\"summary_large_image\" \/>\n<meta name=\"twitter:creator\" content=\"@FincaTurismo\" \/>\n<meta name=\"twitter:site\" content=\"@FincaTurismo\" \/>\n<meta name=\"twitter:label1\" content=\"Escrit per\" \/>\n\t<meta name=\"twitter:data1\" content=\"Fincaturismo\" \/>\n\t<meta name=\"twitter:label2\" content=\"Temps estimat de lectura\" \/>\n\t<meta name=\"twitter:data2\" content=\"2 minuts\" \/>\n<script type=\"application\/ld+json\" class=\"yoast-schema-graph\">{\"@context\":\"https:\/\/schema.org\",\"@graph\":[{\"@type\":\"Article\",\"@id\":\"https:\/\/www.fincaturismo.com\/ca\/ruta-per-la-serra-de-tramuntana-patrimoni-mundial-de-la-humanitat\/#article\",\"isPartOf\":{\"@id\":\"https:\/\/www.fincaturismo.com\/ca\/ruta-per-la-serra-de-tramuntana-patrimoni-mundial-de-la-humanitat\/\"},\"author\":{\"name\":\"Fincaturismo\",\"@id\":\"https:\/\/www.fincaturismo.com\/ca\/#\/schema\/person\/c65b2bf4bb7727d5fa44f5fead52230b\"},\"headline\":\"Ruta per la Serra de Tramuntana, Patrimoni Mundial de la Humanitat\",\"datePublished\":\"2013-04-30T15:40:35+00:00\",\"dateModified\":\"2020-05-23T12:56:18+00:00\",\"mainEntityOfPage\":{\"@id\":\"https:\/\/www.fincaturismo.com\/ca\/ruta-per-la-serra-de-tramuntana-patrimoni-mundial-de-la-humanitat\/\"},\"wordCount\":427,\"publisher\":{\"@id\":\"https:\/\/www.fincaturismo.com\/ca\/#organization\"},\"image\":{\"@id\":\"https:\/\/www.fincaturismo.com\/ca\/ruta-per-la-serra-de-tramuntana-patrimoni-mundial-de-la-humanitat\/#primaryimage\"},\"thumbnailUrl\":\"https:\/\/www.fincaturismo.com\/wp-content\/uploads\/2013\/04\/ruta_por_la_serra_de_tramuntana.jpg\",\"articleSection\":[\"Blog @ Fincaturismo\"],\"inLanguage\":\"ca\"},{\"@type\":\"WebPage\",\"@id\":\"https:\/\/www.fincaturismo.com\/ca\/ruta-per-la-serra-de-tramuntana-patrimoni-mundial-de-la-humanitat\/\",\"url\":\"https:\/\/www.fincaturismo.com\/ca\/ruta-per-la-serra-de-tramuntana-patrimoni-mundial-de-la-humanitat\/\",\"name\":\"Ruta per la Serra de Tramuntana, Patrimoni Mundial de la Humanitat\",\"isPartOf\":{\"@id\":\"https:\/\/www.fincaturismo.com\/ca\/#website\"},\"primaryImageOfPage\":{\"@id\":\"https:\/\/www.fincaturismo.com\/ca\/ruta-per-la-serra-de-tramuntana-patrimoni-mundial-de-la-humanitat\/#primaryimage\"},\"image\":{\"@id\":\"https:\/\/www.fincaturismo.com\/ca\/ruta-per-la-serra-de-tramuntana-patrimoni-mundial-de-la-humanitat\/#primaryimage\"},\"thumbnailUrl\":\"https:\/\/www.fincaturismo.com\/wp-content\/uploads\/2013\/04\/ruta_por_la_serra_de_tramuntana.jpg\",\"datePublished\":\"2013-04-30T15:40:35+00:00\",\"dateModified\":\"2020-05-23T12:56:18+00:00\",\"description\":\"Una finca d\u2019agroturisme a Mallorca i realitzar una ruta per la Serra de Tramuntana, ideals per gaudir de la naturalesa i la hist\u00f2ria en estat pur\",\"breadcrumb\":{\"@id\":\"https:\/\/www.fincaturismo.com\/ca\/ruta-per-la-serra-de-tramuntana-patrimoni-mundial-de-la-humanitat\/#breadcrumb\"},\"inLanguage\":\"ca\",\"potentialAction\":[{\"@type\":\"ReadAction\",\"target\":[\"https:\/\/www.fincaturismo.com\/ca\/ruta-per-la-serra-de-tramuntana-patrimoni-mundial-de-la-humanitat\/\"]}]},{\"@type\":\"ImageObject\",\"inLanguage\":\"ca\",\"@id\":\"https:\/\/www.fincaturismo.com\/ca\/ruta-per-la-serra-de-tramuntana-patrimoni-mundial-de-la-humanitat\/#primaryimage\",\"url\":\"https:\/\/www.fincaturismo.com\/wp-content\/uploads\/2013\/04\/ruta_por_la_serra_de_tramuntana.jpg\",\"contentUrl\":\"https:\/\/www.fincaturismo.com\/wp-content\/uploads\/2013\/04\/ruta_por_la_serra_de_tramuntana.jpg\",\"width\":400,\"height\":300,\"caption\":\"ruta por la Serra de Tramuntana\"},{\"@type\":\"BreadcrumbList\",\"@id\":\"https:\/\/www.fincaturismo.com\/ca\/ruta-per-la-serra-de-tramuntana-patrimoni-mundial-de-la-humanitat\/#breadcrumb\",\"itemListElement\":[{\"@type\":\"ListItem\",\"position\":1,\"name\":\"Portada\",\"item\":\"https:\/\/www.fincaturismo.com\/ca\/\"},{\"@type\":\"ListItem\",\"position\":2,\"name\":\"Ruta per la Serra de Tramuntana, Patrimoni Mundial de la Humanitat\"}]},{\"@type\":\"WebSite\",\"@id\":\"https:\/\/www.fincaturismo.com\/ca\/#website\",\"url\":\"https:\/\/www.fincaturismo.com\/ca\/\",\"name\":\"Finca Turismo\",\"description\":\"fincaturismo.com\",\"publisher\":{\"@id\":\"https:\/\/www.fincaturismo.com\/ca\/#organization\"},\"potentialAction\":[{\"@type\":\"SearchAction\",\"target\":{\"@type\":\"EntryPoint\",\"urlTemplate\":\"https:\/\/www.fincaturismo.com\/ca\/?s={search_term_string}\"},\"query-input\":{\"@type\":\"PropertyValueSpecification\",\"valueRequired\":true,\"valueName\":\"search_term_string\"}}],\"inLanguage\":\"ca\"},{\"@type\":\"Organization\",\"@id\":\"https:\/\/www.fincaturismo.com\/ca\/#organization\",\"name\":\"Finca Turismo - fincaturismo.com\",\"url\":\"https:\/\/www.fincaturismo.com\/ca\/\",\"logo\":{\"@type\":\"ImageObject\",\"inLanguage\":\"ca\",\"@id\":\"https:\/\/www.fincaturismo.com\/ca\/#\/schema\/logo\/image\/\",\"url\":\"https:\/\/www.fincaturismo.com\/wp-content\/uploads\/2013\/02\/logoytexto.jpg\",\"contentUrl\":\"https:\/\/www.fincaturismo.com\/wp-content\/uploads\/2013\/02\/logoytexto.jpg\",\"width\":230,\"height\":27,\"caption\":\"Finca Turismo - fincaturismo.com\"},\"image\":{\"@id\":\"https:\/\/www.fincaturismo.com\/ca\/#\/schema\/logo\/image\/\"},\"sameAs\":[\"https:\/\/www.facebook.com\/FincaTurismoMallorca\",\"https:\/\/x.com\/FincaTurismo\"]},{\"@type\":\"Person\",\"@id\":\"https:\/\/www.fincaturismo.com\/ca\/#\/schema\/person\/c65b2bf4bb7727d5fa44f5fead52230b\",\"name\":\"Fincaturismo\",\"image\":{\"@type\":\"ImageObject\",\"inLanguage\":\"ca\",\"@id\":\"https:\/\/secure.gravatar.com\/avatar\/f47bdd94f6047eb50b46cfdc4afd6189dd9dd2063420b353c76dd6ca950eaa8c?s=96&d=mm&r=g\",\"url\":\"https:\/\/secure.gravatar.com\/avatar\/f47bdd94f6047eb50b46cfdc4afd6189dd9dd2063420b353c76dd6ca950eaa8c?s=96&d=mm&r=g\",\"contentUrl\":\"https:\/\/secure.gravatar.com\/avatar\/f47bdd94f6047eb50b46cfdc4afd6189dd9dd2063420b353c76dd6ca950eaa8c?s=96&d=mm&r=g\",\"caption\":\"Fincaturismo\"},\"sameAs\":[\"https:\/\/www.fincaturismo.com\"]}]}<\/script>\n<!-- \/ Yoast SEO plugin. -->","yoast_head_json":{"title":"Ruta per la Serra de Tramuntana, Patrimoni Mundial de la Humanitat","description":"Una finca d\u2019agroturisme a Mallorca i realitzar una ruta per la Serra de Tramuntana, ideals per gaudir de la naturalesa i la hist\u00f2ria en estat pur","robots":{"index":"index","follow":"follow","max-snippet":"max-snippet:-1","max-image-preview":"max-image-preview:large","max-video-preview":"max-video-preview:-1"},"canonical":"https:\/\/www.fincaturismo.com\/ca\/ruta-per-la-serra-de-tramuntana-patrimoni-mundial-de-la-humanitat\/","og_locale":"ca_ES","og_type":"article","og_title":"Ruta per la Serra de Tramuntana, Patrimoni Mundial de la Humanitat","og_description":"Una finca d\u2019agroturisme a Mallorca i realitzar una ruta per la Serra de Tramuntana, ideals per gaudir de la naturalesa i la hist\u00f2ria en estat pur","og_url":"https:\/\/www.fincaturismo.com\/ca\/ruta-per-la-serra-de-tramuntana-patrimoni-mundial-de-la-humanitat\/","og_site_name":"Finca Turismo","article_publisher":"https:\/\/www.facebook.com\/FincaTurismoMallorca","article_published_time":"2013-04-30T15:40:35+00:00","article_modified_time":"2020-05-23T12:56:18+00:00","og_image":[{"width":400,"height":300,"url":"https:\/\/www.fincaturismo.com\/wp-content\/uploads\/2013\/04\/ruta_por_la_serra_de_tramuntana.jpg","type":"image\/jpeg"}],"author":"Fincaturismo","twitter_card":"summary_large_image","twitter_creator":"@FincaTurismo","twitter_site":"@FincaTurismo","twitter_misc":{"Escrit per":"Fincaturismo","Temps estimat de lectura":"2 minuts"},"schema":{"@context":"https:\/\/schema.org","@graph":[{"@type":"Article","@id":"https:\/\/www.fincaturismo.com\/ca\/ruta-per-la-serra-de-tramuntana-patrimoni-mundial-de-la-humanitat\/#article","isPartOf":{"@id":"https:\/\/www.fincaturismo.com\/ca\/ruta-per-la-serra-de-tramuntana-patrimoni-mundial-de-la-humanitat\/"},"author":{"name":"Fincaturismo","@id":"https:\/\/www.fincaturismo.com\/ca\/#\/schema\/person\/c65b2bf4bb7727d5fa44f5fead52230b"},"headline":"Ruta per la Serra de Tramuntana, Patrimoni Mundial de la Humanitat","datePublished":"2013-04-30T15:40:35+00:00","dateModified":"2020-05-23T12:56:18+00:00","mainEntityOfPage":{"@id":"https:\/\/www.fincaturismo.com\/ca\/ruta-per-la-serra-de-tramuntana-patrimoni-mundial-de-la-humanitat\/"},"wordCount":427,"publisher":{"@id":"https:\/\/www.fincaturismo.com\/ca\/#organization"},"image":{"@id":"https:\/\/www.fincaturismo.com\/ca\/ruta-per-la-serra-de-tramuntana-patrimoni-mundial-de-la-humanitat\/#primaryimage"},"thumbnailUrl":"https:\/\/www.fincaturismo.com\/wp-content\/uploads\/2013\/04\/ruta_por_la_serra_de_tramuntana.jpg","articleSection":["Blog @ Fincaturismo"],"inLanguage":"ca"},{"@type":"WebPage","@id":"https:\/\/www.fincaturismo.com\/ca\/ruta-per-la-serra-de-tramuntana-patrimoni-mundial-de-la-humanitat\/","url":"https:\/\/www.fincaturismo.com\/ca\/ruta-per-la-serra-de-tramuntana-patrimoni-mundial-de-la-humanitat\/","name":"Ruta per la Serra de Tramuntana, Patrimoni Mundial de la Humanitat","isPartOf":{"@id":"https:\/\/www.fincaturismo.com\/ca\/#website"},"primaryImageOfPage":{"@id":"https:\/\/www.fincaturismo.com\/ca\/ruta-per-la-serra-de-tramuntana-patrimoni-mundial-de-la-humanitat\/#primaryimage"},"image":{"@id":"https:\/\/www.fincaturismo.com\/ca\/ruta-per-la-serra-de-tramuntana-patrimoni-mundial-de-la-humanitat\/#primaryimage"},"thumbnailUrl":"https:\/\/www.fincaturismo.com\/wp-content\/uploads\/2013\/04\/ruta_por_la_serra_de_tramuntana.jpg","datePublished":"2013-04-30T15:40:35+00:00","dateModified":"2020-05-23T12:56:18+00:00","description":"Una finca d\u2019agroturisme a Mallorca i realitzar una ruta per la Serra de Tramuntana, ideals per gaudir de la naturalesa i la hist\u00f2ria en estat pur","breadcrumb":{"@id":"https:\/\/www.fincaturismo.com\/ca\/ruta-per-la-serra-de-tramuntana-patrimoni-mundial-de-la-humanitat\/#breadcrumb"},"inLanguage":"ca","potentialAction":[{"@type":"ReadAction","target":["https:\/\/www.fincaturismo.com\/ca\/ruta-per-la-serra-de-tramuntana-patrimoni-mundial-de-la-humanitat\/"]}]},{"@type":"ImageObject","inLanguage":"ca","@id":"https:\/\/www.fincaturismo.com\/ca\/ruta-per-la-serra-de-tramuntana-patrimoni-mundial-de-la-humanitat\/#primaryimage","url":"https:\/\/www.fincaturismo.com\/wp-content\/uploads\/2013\/04\/ruta_por_la_serra_de_tramuntana.jpg","contentUrl":"https:\/\/www.fincaturismo.com\/wp-content\/uploads\/2013\/04\/ruta_por_la_serra_de_tramuntana.jpg","width":400,"height":300,"caption":"ruta por la Serra de Tramuntana"},{"@type":"BreadcrumbList","@id":"https:\/\/www.fincaturismo.com\/ca\/ruta-per-la-serra-de-tramuntana-patrimoni-mundial-de-la-humanitat\/#breadcrumb","itemListElement":[{"@type":"ListItem","position":1,"name":"Portada","item":"https:\/\/www.fincaturismo.com\/ca\/"},{"@type":"ListItem","position":2,"name":"Ruta per la Serra de Tramuntana, Patrimoni Mundial de la Humanitat"}]},{"@type":"WebSite","@id":"https:\/\/www.fincaturismo.com\/ca\/#website","url":"https:\/\/www.fincaturismo.com\/ca\/","name":"Finca Turismo","description":"fincaturismo.com","publisher":{"@id":"https:\/\/www.fincaturismo.com\/ca\/#organization"},"potentialAction":[{"@type":"SearchAction","target":{"@type":"EntryPoint","urlTemplate":"https:\/\/www.fincaturismo.com\/ca\/?s={search_term_string}"},"query-input":{"@type":"PropertyValueSpecification","valueRequired":true,"valueName":"search_term_string"}}],"inLanguage":"ca"},{"@type":"Organization","@id":"https:\/\/www.fincaturismo.com\/ca\/#organization","name":"Finca Turismo - fincaturismo.com","url":"https:\/\/www.fincaturismo.com\/ca\/","logo":{"@type":"ImageObject","inLanguage":"ca","@id":"https:\/\/www.fincaturismo.com\/ca\/#\/schema\/logo\/image\/","url":"https:\/\/www.fincaturismo.com\/wp-content\/uploads\/2013\/02\/logoytexto.jpg","contentUrl":"https:\/\/www.fincaturismo.com\/wp-content\/uploads\/2013\/02\/logoytexto.jpg","width":230,"height":27,"caption":"Finca Turismo - fincaturismo.com"},"image":{"@id":"https:\/\/www.fincaturismo.com\/ca\/#\/schema\/logo\/image\/"},"sameAs":["https:\/\/www.facebook.com\/FincaTurismoMallorca","https:\/\/x.com\/FincaTurismo"]},{"@type":"Person","@id":"https:\/\/www.fincaturismo.com\/ca\/#\/schema\/person\/c65b2bf4bb7727d5fa44f5fead52230b","name":"Fincaturismo","image":{"@type":"ImageObject","inLanguage":"ca","@id":"https:\/\/secure.gravatar.com\/avatar\/f47bdd94f6047eb50b46cfdc4afd6189dd9dd2063420b353c76dd6ca950eaa8c?s=96&d=mm&r=g","url":"https:\/\/secure.gravatar.com\/avatar\/f47bdd94f6047eb50b46cfdc4afd6189dd9dd2063420b353c76dd6ca950eaa8c?s=96&d=mm&r=g","contentUrl":"https:\/\/secure.gravatar.com\/avatar\/f47bdd94f6047eb50b46cfdc4afd6189dd9dd2063420b353c76dd6ca950eaa8c?s=96&d=mm&r=g","caption":"Fincaturismo"},"sameAs":["https:\/\/www.fincaturismo.com"]}]}},"_links":{"self":[{"href":"https:\/\/www.fincaturismo.com\/ca\/wp-json\/wp\/v2\/posts\/5349","targetHints":{"allow":["GET"]}}],"collection":[{"href":"https:\/\/www.fincaturismo.com\/ca\/wp-json\/wp\/v2\/posts"}],"about":[{"href":"https:\/\/www.fincaturismo.com\/ca\/wp-json\/wp\/v2\/types\/post"}],"author":[{"embeddable":true,"href":"https:\/\/www.fincaturismo.com\/ca\/wp-json\/wp\/v2\/users\/1"}],"replies":[{"embeddable":true,"href":"https:\/\/www.fincaturismo.com\/ca\/wp-json\/wp\/v2\/comments?post=5349"}],"version-history":[{"count":3,"href":"https:\/\/www.fincaturismo.com\/ca\/wp-json\/wp\/v2\/posts\/5349\/revisions"}],"predecessor-version":[{"id":7704,"href":"https:\/\/www.fincaturismo.com\/ca\/wp-json\/wp\/v2\/posts\/5349\/revisions\/7704"}],"wp:featuredmedia":[{"embeddable":true,"href":"https:\/\/www.fincaturismo.com\/ca\/wp-json\/wp\/v2\/media\/5346"}],"wp:attachment":[{"href":"https:\/\/www.fincaturismo.com\/ca\/wp-json\/wp\/v2\/media?parent=5349"}],"wp:term":[{"taxonomy":"category","embeddable":true,"href":"https:\/\/www.fincaturismo.com\/ca\/wp-json\/wp\/v2\/categories?post=5349"},{"taxonomy":"post_tag","embeddable":true,"href":"https:\/\/www.fincaturismo.com\/ca\/wp-json\/wp\/v2\/tags?post=5349"}],"curies":[{"name":"wp","href":"https:\/\/api.w.org\/{rel}","templated":true}]}}